{"id":11325,"date":"2015-08-06T20:19:46","date_gmt":"2015-08-07T01:19:46","guid":{"rendered":"http:\/\/hogaresnoticia.com.mx\/?p=11325"},"modified":"2015-08-06T20:33:03","modified_gmt":"2015-08-07T01:33:03","slug":"te-decimos-como-apoyara-el-infonavit-a-personas-discapacitadas","status":"publish","type":"post","link":"https:\/\/hogaresnoticia.com.mx\/?p=11325","title":{"rendered":"Te decimos c\u00f3mo apoyar\u00e1 el Infonavit a personas con discapacidad"},"content":{"rendered":"<p style=\"text-align: justify;\"><span style=\"color: #888888;\"><strong>El programa ofrece soluciones de vivienda con instalaciones y dimensiones adecuadas para mejorar significativamente la calidad de vida unos 184,145 derechohabientes, que precalifican con discapacidad; tambi\u00e9n buscan impulsar la construcci\u00f3n de oferta para este segmento de la poblaci\u00f3n, por medio de la originaci\u00f3n de cr\u00e9ditos.<\/strong><\/span><\/p>\n<p style=\"text-align: justify;\"><strong><a href=\"http:\/\/hogaresnoticia.com.mx\/wp-content\/uploads\/2015\/08\/Hogar-a-tu-media-Logo.jpg\"><img loading=\"lazy\" decoding=\"async\" class=\"aligncenter size-full wp-image-11326\" alt=\"Hogar a tu media Logo\" src=\"http:\/\/hogaresnoticia.com.mx\/wp-content\/uploads\/2015\/08\/Hogar-a-tu-media-Logo.jpg\" width=\"630\" height=\"399\" srcset=\"https:\/\/hogaresnoticia.com.mx\/wp-content\/uploads\/2015\/08\/Hogar-a-tu-media-Logo.jpg 630w, https:\/\/hogaresnoticia.com.mx\/wp-content\/uploads\/2015\/08\/Hogar-a-tu-media-Logo-300x190.jpg 300w\" sizes=\"auto, (max-width: 630px) 100vw, 630px\" \/><\/a><a href=\"http:\/\/twitter.com\/Hogaresnoticia\">Redacci\u00f3n | Hogaresnoticia.com | 06 Agosto 2015<\/a><\/strong><\/p>\n<p style=\"text-align: justify;\"><span style=\"color: #000000;\">Los derechohabientes del Infonavit que requieran vivienda nueva o usada, con especificaciones t\u00e9cnicas para atender las necesidades de personas con discapacidad auditiva, mental, motriz o visual, podr\u00e1n acceder al programa <b>Hogar a tu media<\/b> que ya se promueve en este organismo.<\/span><\/p>\n<p style=\"text-align: justify;\"><span style=\"color: #000000;\">El Instituto ofrece as\u00ed la posibilidad a sus derechohabientes, con relaci\u00f3n laboral vigente, de que la vivienda que adquieran cuente con las adecuaciones necesarias para que ellos, o sus familiares que presenten una discapacidad, puedan elevar su calidad de vida.<\/span><\/p>\n<p style=\"text-align: justify;\"><span style=\"color: #000000;\">El programa permite hacer adecuaciones a las viviendas y as\u00ed ofrecer soluciones, seg\u00fan sea la discapacidad.<\/span><\/p>\n<p style=\"text-align: justify;\"><span style=\"color: #000000;\"><b>\u00bfEn qu\u00e9 consiste?<\/b><\/span><\/p>\n<p style=\"text-align: justify;\"><span style=\"color: #000000;\">Los beneficios del programa se adaptan a instalaciones el\u00e9ctricas especiales con sensor de movimiento y focos luminiscentes para los derechohabientes que requieran de apoyo auditivo; rampa, piso antiderrapante y puertas m\u00e1s amplias parta quienes necesiten apoyo y movilidad, mediante barras de acero inoxidable en espacios clave como el ba\u00f1o y la regadera, as\u00ed como instalaci\u00f3n de apagadores, timbre y contacto a la mano.<\/span><\/p>\n<p style=\"text-align: justify;\"><span style=\"color: #000000;\">Asimismo, apagadores tipo braille y acabado rugoso en paredes, alarmas, sensores sonoros de gas e identificaci\u00f3n de accesos que permitan el desplazamiento a recamara, ba\u00f1o, cocina, sala comedor, para quienes requieran de apoyo visual.<\/span><\/p>\n<p style=\"text-align: justify;\"><span style=\"color: #000000;\">Los derechohabientes o sus familiares que requieran de cuidados especiales por discapacidad mental se colocar\u00e1n protecciones en las paredes de una recamara y as\u00ed aumentar la seguridad de la persona.<\/span><\/p>\n<p style=\"text-align: justify;\"><span style=\"color: #000000;\"><b>\u00bfC\u00f3mo obtenerlo?<\/b><\/span><\/p>\n<p style=\"text-align: justify;\"><span style=\"color: #000000;\">Para recibir este beneficio debe solicitarse al momento de tramitar el pr\u00e9stamos para vivienda y acreditar la discapacidad con el certificado que expide el Instituto Mexicano del Seguro Social, el Instituto de Seguridad y Servicios Sociales de los Trabajadores del Estado; la Secretar\u00eda del Trabajo y Previsi\u00f3n Social, o los m\u00e9dicos de la Procuradur\u00eda Federal de la Defensa del Trabajo, las secretar\u00edas de Salud de cada entidad federativa, o del Sistema Nacional para el Desarrollo Integral de la Familia (DIF).<\/span><\/p>\n<p style=\"text-align: justify;\"><span style=\"color: #000000;\">Aplica para todos los productos de cr\u00e9dito hipotecarios en adquisici\u00f3n de vivienda, paquete o mercado abierto (nueva o usada), en denominaci\u00f3n Veces Salarios M\u00ednimos y pesos, primero o segundo cr\u00e9dito, con o sin subsidio, cr\u00e9ditos individuales o conyugales y para trabajadores de cualquier ingreso salarial.<\/span><\/p>\n<p style=\"text-align: justify;\"><span style=\"color: #000000;\">Trat\u00e1ndose de cr\u00e9ditos conyugales, el beneficio se har\u00e1 efectivo a ambos cr\u00e9ditos y las condiciones financieras ser\u00e1n de acuerdo a las caracter\u00edsticas de cada trabajador.<\/span><\/p>\n<p style=\"text-align: justify;\"><span style=\"color: #000000;\">El universo susceptible de este beneficio es de 184,145 derechohabientes que precalifican con discapacidad, seg\u00fan estimaciones.<\/span><\/p>\n<p style=\"text-align: justify;\"><span style=\"color: #000000;\">De acuerdo al censo levantado por el Instituto Mexicano del Seguro Social (IMSS), en el pa\u00eds existen cuatro tipos de discapacidad, siendo las m\u00e1s importantes la motriz con 42% y la visual con 26 por ciento.<\/span><\/p>\n<p style=\"text-align: justify;\"><strong>Te invitamos a ver el siguiente VIDEO:<\/strong><\/p>\n<p><iframe loading=\"lazy\" src=\"https:\/\/www.youtube.com\/embed\/CRaDFkpv8Qo\" height=\"360\" width=\"630\" allowfullscreen=\"\" frameborder=\"0\"><\/iframe><\/p>\n<p style=\"text-align: justify;\"><strong style=\"font-size: 0.83em;\">\u00bfTE PARECI\u00d3 INTERESANTE LA INFORMACI\u00d3N? COMP\u00c1RTELA USANDO ESTA LIGA: \u00a0<\/strong><\/p>\n<div id=\"casing\">\n<div align=\"left\">\n<div id=\"content\">\n<div id=\"post-11300\">\n<div>\n<div>\n<h5><strong>S\u00edguenos en Twitter:\u00a0<a href=\"http:\/\/twitter.com\/Hogaresnoticia\"><strong>@Hogaresnoticia<\/strong><\/a><\/strong><\/h5>\n<h5><strong>Quieres estar bien enterado, dale\u00a0<a href=\"http:\/\/www.facebook.com\/pages\/hogaresnoticiacom\/135422876721\">ME GUSTA\u00a0<\/a>a nuestra p\u00e1gina de Facebook\u00a0<\/strong><\/h5>\n<\/div>\n<\/div>\n<\/div>\n<\/div>\n<\/div>\n<\/div>\n","protected":false},"excerpt":{"rendered":"<p>El programa ofrece soluciones de vivienda con instalaciones y dimensiones adecuadas para mejorar significativamente la calidad de vida unos 184,145 derechohabientes, que precalifican con discapacidad; tambi\u00e9n buscan impulsar la construcci\u00f3n de oferta para este segmento de la poblaci\u00f3n, por medio de la originaci\u00f3n de cr\u00e9ditos. Redacci\u00f3n | Hogaresnoticia.com | 06 Agosto 2015 Los derechohabientes del<a href=\"https:\/\/hogaresnoticia.com.mx\/?p=11325\">&nbsp;&nbsp;[ Leer m\u00e1s ]<\/a><\/p>\n","protected":false},"author":1,"featured_media":11326,"comment_status":"open","ping_status":"open","sticky":false,"template":"","format":"standard","meta":{"footnotes":""},"categories":[4,22,3],"tags":[2903,19,2904],"class_list":["post-11325","post","type-post","status-publish","format-standard","has-post-thumbnail","hentry","category-desarrollos","category-titulares","category-tu-casa","tag-discapaxcidad","tag-infonavit","tag-programa-hogar-a-tu-medida"],"_links":{"self":[{"href":"https:\/\/hogaresnoticia.com.mx\/index.php?rest_route=\/wp\/v2\/posts\/11325","targetHints":{"allow":["GET"]}}],"collection":[{"href":"https:\/\/hogaresnoticia.com.mx\/index.php?rest_route=\/wp\/v2\/posts"}],"about":[{"href":"https:\/\/hogaresnoticia.com.mx\/index.php?rest_route=\/wp\/v2\/types\/post"}],"author":[{"embeddable":true,"href":"https:\/\/hogaresnoticia.com.mx\/index.php?rest_route=\/wp\/v2\/users\/1"}],"replies":[{"embeddable":true,"href":"https:\/\/hogaresnoticia.com.mx\/index.php?rest_route=%2Fwp%2Fv2%2Fcomments&post=11325"}],"version-history":[{"count":0,"href":"https:\/\/hogaresnoticia.com.mx\/index.php?rest_route=\/wp\/v2\/posts\/11325\/revisions"}],"wp:featuredmedia":[{"embeddable":true,"href":"https:\/\/hogaresnoticia.com.mx\/index.php?rest_route=\/wp\/v2\/media\/11326"}],"wp:attachment":[{"href":"https:\/\/hogaresnoticia.com.mx\/index.php?rest_route=%2Fwp%2Fv2%2Fmedia&parent=11325"}],"wp:term":[{"taxonomy":"category","embeddable":true,"href":"https:\/\/hogaresnoticia.com.mx\/index.php?rest_route=%2Fwp%2Fv2%2Fcategories&post=11325"},{"taxonomy":"post_tag","embeddable":true,"href":"https:\/\/hogaresnoticia.com.mx\/index.php?rest_route=%2Fwp%2Fv2%2Ftags&post=11325"}],"curies":[{"name":"wp","href":"https:\/\/api.w.org\/{rel}","templated":true}]}}