{"id":1340,"date":"2011-10-03T12:58:04","date_gmt":"2011-10-03T17:58:04","guid":{"rendered":"http:\/\/hogaresnoticia.com.mx\/?p=1340"},"modified":"2011-10-03T13:11:52","modified_gmt":"2011-10-03T18:11:52","slug":"ebrard-envia-iniciativa-para-regular-actividad-inmobiliaria","status":"publish","type":"post","link":"https:\/\/hogaresnoticia.com.mx\/?p=1340","title":{"rendered":"Env\u00eda Ebrard iniciativa para regular actividad inmobiliaria"},"content":{"rendered":"<p style=\"text-align: justify;\"><span style=\"color: #888888;\"><strong>En la inauguraci\u00f3n del Gran Foro Inmobiliario de la Ciudad de M\u00e9xico, el jefe de gobierno del Distrito Federal, Marcelo Ebrard, anunci\u00f3 que enviaron a la ALDF una iniciativa para crear un registro de los agentes inmobiliarios que operan en la capital del pa\u00eds.<\/strong><\/span><\/p>\n<div id=\"attachment_1341\" style=\"width: 310px\" class=\"wp-caption alignright\"><a href=\"http:\/\/hogaresnoticia.com.mx\/wp-content\/uploads\/2011\/10\/marcelo_ampi.jpg\"><img loading=\"lazy\" decoding=\"async\" aria-describedby=\"caption-attachment-1341\" class=\"size-medium wp-image-1341\" title=\"marcelo_ampi\" src=\"http:\/\/hogaresnoticia.com.mx\/wp-content\/uploads\/2011\/10\/marcelo_ampi-300x181.jpg\" alt=\"\" width=\"300\" height=\"181\" srcset=\"https:\/\/hogaresnoticia.com.mx\/wp-content\/uploads\/2011\/10\/marcelo_ampi-300x181.jpg 300w, https:\/\/hogaresnoticia.com.mx\/wp-content\/uploads\/2011\/10\/marcelo_ampi.jpg 974w\" sizes=\"auto, (max-width: 300px) 100vw, 300px\" \/><\/a><p id=\"caption-attachment-1341\" class=\"wp-caption-text\">Marcelo Ebrard, jefe de gobierno del DF<\/p><\/div>\n<p style=\"text-align: justify;\"><span style=\"color: #000000;\"><strong>Ciudad de M\u00e9xico, 03 Octubre 2011<\/strong>.- El jefe de gobierno capitalino, <strong>Marcelo Ebrard Casaub\u00f3n<\/strong>, inform\u00f3 que este d\u00eda env\u00edo a la Asamblea Legislativa del Distrito Federal (ALDF) una iniciativa para regular el mercado inmobiliario. El objetivo es generar certidumbre jur\u00eddica a los compradores y un registro confiable entre quienes se dedican a la actividad.<\/span><\/p>\n<p style=\"text-align: justify;\"><span style=\"color: #000000;\">Al inaugurar en el World Trade Center el <em>Gran Foro Inmobiliario de la Ciudad de M\u00e9xico<\/em>, el funcionario dijo que en la iniciativa se promueve que haya operaciones inmobiliarias m\u00e1s seguras y trasparentes.<\/span><\/p>\n<p style=\"text-align: justify;\"><span style=\"color: #000000;\">La consejera del Distrito Federal, <strong>Leticia Bonifaz<\/strong>, detall\u00f3 que la regulaci\u00f3n propuesta se encamina a crear registros puntuales de las personas que se dedican a la compra y venta de inmuebles. \u201cTrataremos de evitar que cualquier personas realice operaciones inmobiliarias, sin la profesionalizaci\u00f3n requerida\u201d, abund\u00f3.<\/span><\/p>\n<p style=\"text-align: justify;\"><span style=\"color: #000000;\">El presidente de la Asociaci\u00f3n Mexicana de Profesionales Inmobiliarias (AMPI) Ciudad de M\u00e9xico, <strong>Alejandro Kuri Pheres<\/strong>, explic\u00f3 que no pretenden quitar a nadie de la actividad, pero s\u00ed que se capaciten y obtengan una licencia inmobiliaria. Estim\u00f3 que en la actualidad 80% del mercado inmobiliario est\u00e1 fuera de toda regulaci\u00f3n.<\/span><\/p>\n<p style=\"text-align: justify;\"><span style=\"color: #000000;\">El gobierno del Distrito Federal conf\u00eda en que la iniciativa, impulsada principalmente por los socios de la AMPI, sea aprobada por la ALDF en el \u00a0actual periodo de sesiones.<\/span><\/p>\n<p style=\"text-align: justify;\"><span style=\"color: #000000;\">El <em>Gran Foro Inmobiliario <\/em>es organizado por la AMPI secci\u00f3n Ciudad de M\u00e9xico y re\u00fane a los principales especialistas del sector, a los largo del d\u00eda. (<strong>Foto: Especial<\/strong>)<\/span><\/p>\n<h5><strong>COMPARTE LA LIGA DE ESTA NOTA: <\/strong><\/h5>\n<p><strong><\/strong><strong><\/strong><strong>Quieres estar bien enterado, dale <a href=\"http:\/\/www.facebook.com\/pages\/hogaresnoticiacom\/135422876721\">ME GUSTA<\/a>\u00a0a nuestra p\u00e1gina de Facebook<\/strong><\/p>\n<p><strong>Env\u00edanos tus fotograf\u00edas y notas relevantes a <a href=\"mailto:hogaresnoticia@gmail.com\">hogaresnoticia@gmail.com<\/a> y te damos cr\u00e9dito.<\/strong><\/p>\n","protected":false},"excerpt":{"rendered":"<p>En la inauguraci\u00f3n del Gran Foro Inmobiliario de la Ciudad de M\u00e9xico, el jefe de gobierno del Distrito Federal, Marcelo Ebrard, anunci\u00f3 que enviaron a la ALDF una iniciativa para crear un registro de los agentes inmobiliarios que operan en la capital del pa\u00eds. Ciudad de M\u00e9xico, 03 Octubre 2011.- El jefe de gobierno capitalino,<a href=\"https:\/\/hogaresnoticia.com.mx\/?p=1340\">&nbsp;&nbsp;[ Leer m\u00e1s ]<\/a><\/p>\n","protected":false},"author":1,"featured_media":1341,"comment_status":"open","ping_status":"open","sticky":false,"template":"","format":"standard","meta":{"footnotes":""},"categories":[7,22],"tags":[130,129,128,131,132,127],"class_list":["post-1340","post","type-post","status-publish","format-standard","has-post-thumbnail","hentry","category-espacios","category-titulares","tag-alejandro-kuri-pheres","tag-ampi-ciudad-de-mexico","tag-google-noticias-hogaresnoticia","tag-marcelo-ebrard-casaubon-inmobiliarios","tag-mercado-inmobiliario","tag-yahoo-noticias-hogaresnoticia"],"_links":{"self":[{"href":"https:\/\/hogaresnoticia.com.mx\/index.php?rest_route=\/wp\/v2\/posts\/1340","targetHints":{"allow":["GET"]}}],"collection":[{"href":"https:\/\/hogaresnoticia.com.mx\/index.php?rest_route=\/wp\/v2\/posts"}],"about":[{"href":"https:\/\/hogaresnoticia.com.mx\/index.php?rest_route=\/wp\/v2\/types\/post"}],"author":[{"embeddable":true,"href":"https:\/\/hogaresnoticia.com.mx\/index.php?rest_route=\/wp\/v2\/users\/1"}],"replies":[{"embeddable":true,"href":"https:\/\/hogaresnoticia.com.mx\/index.php?rest_route=%2Fwp%2Fv2%2Fcomments&post=1340"}],"version-history":[{"count":0,"href":"https:\/\/hogaresnoticia.com.mx\/index.php?rest_route=\/wp\/v2\/posts\/1340\/revisions"}],"wp:featuredmedia":[{"embeddable":true,"href":"https:\/\/hogaresnoticia.com.mx\/index.php?rest_route=\/wp\/v2\/media\/1341"}],"wp:attachment":[{"href":"https:\/\/hogaresnoticia.com.mx\/index.php?rest_route=%2Fwp%2Fv2%2Fmedia&parent=1340"}],"wp:term":[{"taxonomy":"category","embeddable":true,"href":"https:\/\/hogaresnoticia.com.mx\/index.php?rest_route=%2Fwp%2Fv2%2Fcategories&post=1340"},{"taxonomy":"post_tag","embeddable":true,"href":"https:\/\/hogaresnoticia.com.mx\/index.php?rest_route=%2Fwp%2Fv2%2Ftags&post=1340"}],"curies":[{"name":"wp","href":"https:\/\/api.w.org\/{rel}","templated":true}]}}