{"id":1503,"date":"2011-10-20T15:10:43","date_gmt":"2011-10-20T20:10:43","guid":{"rendered":"http:\/\/hogaresnoticia.com.mx\/?p=1503"},"modified":"2011-10-20T15:15:28","modified_gmt":"2011-10-20T20:15:28","slug":"dan-nuevo-rostro-al-premio-nacional-de-vivienda","status":"publish","type":"post","link":"https:\/\/hogaresnoticia.com.mx\/?p=1503","title":{"rendered":"Dan nuevo rostro al Premio Nacional de Vivienda"},"content":{"rendered":"<p style=\"text-align: justify;\"><span style=\"color: #888888;\"><strong>En su novena edici\u00f3n, cuatro proyectos orientados a desarrollo urbano, redensificaci\u00f3n, producci\u00f3n social de vivienda y gesti\u00f3n local, se hacen merecedores al premio nacional que anualmente se otorga en esta industria.<\/strong><\/span><\/p>\n<p style=\"text-align: justify;\"><strong><a href=\"http:\/\/hogaresnoticia.com.mx\/wp-content\/uploads\/2011\/10\/pnv2011_.jpg\"><\/a><a href=\"http:\/\/hogaresnoticia.com.mx\/wp-content\/uploads\/2011\/10\/pnv2011_.jpg\"><img loading=\"lazy\" decoding=\"async\" class=\"alignright size-medium wp-image-1504\" title=\"pnv2011_\" src=\"http:\/\/hogaresnoticia.com.mx\/wp-content\/uploads\/2011\/10\/pnv2011_-300x168.jpg\" alt=\"\" width=\"300\" height=\"168\" srcset=\"https:\/\/hogaresnoticia.com.mx\/wp-content\/uploads\/2011\/10\/pnv2011_-300x168.jpg 300w, https:\/\/hogaresnoticia.com.mx\/wp-content\/uploads\/2011\/10\/pnv2011_.jpg 1024w\" sizes=\"auto, (max-width: 300px) 100vw, 300px\" \/><\/a><a href=\"http:\/\/twitter.com\/Hogaresnoticia\">Redacci\u00f3n | Hogaresnoticia<\/a><\/strong><\/p>\n<p style=\"text-align: justify;\"><span style=\"color: #000000;\"><strong>M\u00e9xico DF, 20 octubre 2011<\/strong>.- El Premio Nacional de Vivienda\u00a0 lleg\u00f3 a su novena edici\u00f3n con una reconfiguraci\u00f3n en su estructura. Este a\u00f1o se reconoci\u00f3 \u00fanicamente a los mejores desarrollos, tambi\u00e9n se redujo a cinco el n\u00famero de categor\u00edas y subcategor\u00edas, cada una con un premio y no se otorgaron menciones honor\u00edficas.<\/span><\/p>\n<p style=\"text-align: justify;\"><span style=\"color: #000000;\">Las categor\u00edas fueron dirigidas a desarrolladores privados, productores sociales, financieros y gobiernos locales.<\/span><\/p>\n<p style=\"text-align: justify;\"><span style=\"color: #000000;\"><a href=\"http:\/\/hogaresnoticia.com.mx\/wp-content\/uploads\/2011\/10\/pnv2011.jpg\"><img loading=\"lazy\" decoding=\"async\" class=\"alignright size-medium wp-image-1507\" title=\"pnv2011\" src=\"http:\/\/hogaresnoticia.com.mx\/wp-content\/uploads\/2011\/10\/pnv2011-300x168.jpg\" alt=\"\" width=\"300\" height=\"168\" srcset=\"https:\/\/hogaresnoticia.com.mx\/wp-content\/uploads\/2011\/10\/pnv2011-300x168.jpg 300w, https:\/\/hogaresnoticia.com.mx\/wp-content\/uploads\/2011\/10\/pnv2011.jpg 1024w\" sizes=\"auto, (max-width: 300px) 100vw, 300px\" \/><\/a>En la categor\u00eda <em>Desarrollo Urbano Sustentable<\/em>, el galard\u00f3n correspondi\u00f3 a <strong>Saidee Springall del Villar<\/strong> y a <strong>Fernando Calder\u00f3n Nava<\/strong> de la asociaci\u00f3n Arquitectura 911 por el proyecto <em>Vivienda Urbana Iztacalco<\/em>.<\/span><\/p>\n<p style=\"text-align: justify;\"><span style=\"color: #000000;\">En la subcategor\u00eda <em>Redensificaci\u00f3n Habitacional<\/em> se reconoci\u00f3 al Instituto de Vivienda del DF por <em>Redensificaci\u00f3n de la Ciudad Central<\/em> <em>del Distrito Federal<\/em>. El premio fue entregado al director de esa dependencia <strong>Jos\u00e9 Antonio Revah<\/strong> y a <strong>Violeta Cruz Toledano<\/strong>.<\/span><\/p>\n<p style=\"text-align: justify;\"><span style=\"color: #000000;\">Para la categor\u00eda <em>Producci\u00f3n Social de Vivienda<\/em> se premi\u00f3 a la asociaci\u00f3n Ay\u00fadame que yo tambi\u00e9n soy Mexicano por el proyecto <em>Las 55 de Cieneguillas y Manzana de San Luis. <\/em>Recibieron el premio <strong>Fabi\u00e1n Casaub\u00f3n Domenz\u00e1in<\/strong> y <strong>Oliva Gaxiola Monta\u00f1o<\/strong>.<\/span><\/p>\n<p style=\"text-align: justify;\"><span style=\"color: #000000;\">En la categor\u00eda <em>Gesti\u00f3n Local<\/em>, el premio correspondi\u00f3 al <em>Programa de Otorgamiento Subsidios a la Producci\u00f3n y Adquisici\u00f3n de Vivienda Nueva o Lote Urbanizado<\/em> que promueve la Comisi\u00f3n de Vivienda del estado de Guanajuato. Recibieron el galard\u00f3n <strong>Juan Manuel Oliva Ram\u00edrez<\/strong> y <strong>Adri\u00e1n Pe\u00f1a Miranda<\/strong>.<\/span><\/p>\n<p style=\"text-align: justify;\"><span style=\"color: #000000;\">Y aunque s\u00ed hubo proyectos participantes en la <em>Subcategor\u00eda de Financiamiento para la Producci\u00f3n Social<\/em>, el jurado decidi\u00f3 declararla desierta porque a su juicio ninguno cumpli\u00f3 con los requisitos se\u00f1alados en la convocatoria.<\/span><\/p>\n<p style=\"text-align: justify;\"><span style=\"color: #000000;\">El director de la Comisi\u00f3n Nacional de Vivienda (Conavi), <strong>Ariel Cano Cuevas<\/strong>, quien entreg\u00f3 el galard\u00f3n a nombre del sector, dijo que desde el a\u00f1o pasado se ha tratado de focalizar el premio a los temas prioritarios para la pol\u00edtica p\u00fablica, desde un enfoque social y sustentable.<\/span><\/p>\n<p style=\"text-align: justify;\"><span style=\"color: #000000;\">Detall\u00f3 que los proyectos inscritos en esta edici\u00f3n 2011 fueron 35, que comprenden 28,503 viviendas, provenientes de 17 entidades federativas del pa\u00eds. (<strong>Foto: Hogaresnoticia<\/strong>)<\/span><\/p>\n<h5><strong>COMPARTE LA LIGA DE\u00a0ESTA NOTA: <\/strong><\/h5>\n<h5><strong><\/strong><strong><\/strong><strong><\/strong><strong><\/strong><strong><\/strong><strong><\/strong><strong><a href=\"http:\/\/bit.ly\/oAT7Nq\"><\/a><\/strong><strong><a href=\"http:\/\/bit.ly\/qOOfq7\"><\/a><\/strong><strong>Quieres estar bien enterado, dale <a href=\"http:\/\/www.facebook.com\/pages\/hogaresnoticiacom\/135422876721\">ME GUSTA <\/a>a nuestra p\u00e1gina de Facebook<\/strong><\/h5>\n","protected":false},"excerpt":{"rendered":"<p>En su novena edici\u00f3n, cuatro proyectos orientados a desarrollo urbano, redensificaci\u00f3n, producci\u00f3n social de vivienda y gesti\u00f3n local, se hacen merecedores al premio nacional que anualmente se otorga en esta industria. Redacci\u00f3n | Hogaresnoticia M\u00e9xico DF, 20 octubre 2011.- El Premio Nacional de Vivienda\u00a0 lleg\u00f3 a su novena edici\u00f3n con una reconfiguraci\u00f3n en su estructura.<a href=\"https:\/\/hogaresnoticia.com.mx\/?p=1503\">&nbsp;&nbsp;[ Leer m\u00e1s ]<\/a><\/p>\n","protected":false},"author":1,"featured_media":1504,"comment_status":"open","ping_status":"open","sticky":false,"template":"","format":"standard","meta":{"footnotes":""},"categories":[22,3],"tags":[148,157,137],"class_list":["post-1503","post","type-post","status-publish","format-standard","has-post-thumbnail","hentry","category-titulares","category-tu-casa","tag-google-noticias-mx","tag-premio-nacional-de-vivienda-2011","tag-yahoo-noticias-mx"],"_links":{"self":[{"href":"https:\/\/hogaresnoticia.com.mx\/index.php?rest_route=\/wp\/v2\/posts\/1503","targetHints":{"allow":["GET"]}}],"collection":[{"href":"https:\/\/hogaresnoticia.com.mx\/index.php?rest_route=\/wp\/v2\/posts"}],"about":[{"href":"https:\/\/hogaresnoticia.com.mx\/index.php?rest_route=\/wp\/v2\/types\/post"}],"author":[{"embeddable":true,"href":"https:\/\/hogaresnoticia.com.mx\/index.php?rest_route=\/wp\/v2\/users\/1"}],"replies":[{"embeddable":true,"href":"https:\/\/hogaresnoticia.com.mx\/index.php?rest_route=%2Fwp%2Fv2%2Fcomments&post=1503"}],"version-history":[{"count":0,"href":"https:\/\/hogaresnoticia.com.mx\/index.php?rest_route=\/wp\/v2\/posts\/1503\/revisions"}],"wp:featuredmedia":[{"embeddable":true,"href":"https:\/\/hogaresnoticia.com.mx\/index.php?rest_route=\/wp\/v2\/media\/1504"}],"wp:attachment":[{"href":"https:\/\/hogaresnoticia.com.mx\/index.php?rest_route=%2Fwp%2Fv2%2Fmedia&parent=1503"}],"wp:term":[{"taxonomy":"category","embeddable":true,"href":"https:\/\/hogaresnoticia.com.mx\/index.php?rest_route=%2Fwp%2Fv2%2Fcategories&post=1503"},{"taxonomy":"post_tag","embeddable":true,"href":"https:\/\/hogaresnoticia.com.mx\/index.php?rest_route=%2Fwp%2Fv2%2Ftags&post=1503"}],"curies":[{"name":"wp","href":"https:\/\/api.w.org\/{rel}","templated":true}]}}