{"id":15341,"date":"2017-05-12T19:25:21","date_gmt":"2017-05-13T00:25:21","guid":{"rendered":"http:\/\/hogaresnoticia.com.mx\/?p=15341"},"modified":"2017-05-12T19:25:21","modified_gmt":"2017-05-13T00:25:21","slug":"reconocen-en-austria-programa-mexicano-de-vivienda-ecocasa-laif","status":"publish","type":"post","link":"https:\/\/hogaresnoticia.com.mx\/?p=15341","title":{"rendered":"Reconocen en Austria, programa mexicano de vivienda EcoCasa LAIF"},"content":{"rendered":"<p style=\"text-align: justify;\"><span style=\"color: #808080;\"><strong>El proyecto considera criterios de sustentabilidad estrictos para la construcci\u00f3n de vivienda; se busca que en los pr\u00f3ximos dos a\u00f1os se obtengan datos para la formulaci\u00f3n, implementaci\u00f3n o continuidad de pol\u00edticas p\u00fablicas en materia habitacional de M\u00e9xico y el mundo.<\/strong><\/span><\/p>\n<div id=\"attachment_6916\" style=\"width: 310px\" class=\"wp-caption alignright\"><img loading=\"lazy\" decoding=\"async\" aria-describedby=\"caption-attachment-6916\" class=\"size-medium wp-image-6916\" src=\"http:\/\/hogaresnoticia.com.mx\/wp-content\/uploads\/2013\/11\/Ecocasas-RToledo-300x198.jpg\" alt=\"\" width=\"300\" height=\"198\" srcset=\"https:\/\/hogaresnoticia.com.mx\/wp-content\/uploads\/2013\/11\/Ecocasas-RToledo-300x198.jpg 300w, https:\/\/hogaresnoticia.com.mx\/wp-content\/uploads\/2013\/11\/Ecocasas-RToledo-150x100.jpg 150w, https:\/\/hogaresnoticia.com.mx\/wp-content\/uploads\/2013\/11\/Ecocasas-RToledo.jpg 500w\" sizes=\"auto, (max-width: 300px) 100vw, 300px\" \/><p id=\"caption-attachment-6916\" class=\"wp-caption-text\"><strong>PROTOTIPO de la vivienda Ecocasa de la empresa Grupo Vinte. (FOTO: Archivo Hogaresnoticia,com)<\/strong><\/p><\/div>\n<h5 style=\"text-align: justify;\"><a href=\"http:\/\/Twitter.com\/Hogaresnoticia\"><strong>Redacci\u00f3n | Hogaresnoticia.com | 12 mayo 2017<\/strong><\/a><\/h5>\n<p style=\"text-align: justify;\"><span style=\"color: #000000;\"><strong>Ciudad de M\u00e9xico.<\/strong>&#8211; El programa mexicano <strong>EcoCasa LAIF<\/strong>, pionero en Am\u00e9rica Latina por sus esquemas de cr\u00e9dito enfocados al segmento de la vivienda social, bajo est\u00e1ndares sustentables denominados casas pasivas, fue reconocido en Viena, Austria, en el marco de la edici\u00f3n 21\u00ba de la Conferencia Internacional de Vivienda Pasiva.<\/span><\/p>\n<p style=\"text-align: justify;\"><span style=\"color: #000000;\">EcoCasa LAIF, que impulsa Sociedad Hipotecario Federal (SHF), representa una contribuci\u00f3n de M\u00e9xico en aras de generar una cultura de cuidado al medio ambiente en la construcci\u00f3n de viviendas.<\/span><\/p>\n<p style=\"text-align: justify;\"><span style=\"color: #000000;\">En este marco, y ante m\u00e1s de 1,000 l\u00edderes en materia de dise\u00f1o y desarrollo de vivienda pasiva, el proyecto de SHF destac\u00f3 por ser una iniciativa impulsada por el gobierno mexicano.<\/span><\/p>\n<p style=\"text-align: justify;\"><span style=\"color: #000000;\">Con EcoCasa LAIF tienen como objetivo edificar cuando menos 600 viviendas bajo est\u00e1ndares internacionales de casas pasivas, mismas que no merman est\u00e1ndares de confort y eficiencia energ\u00e9tica, es decir, cada una de ellas reducir\u00eda en cuando menos, 80% de di\u00f3xido de carbono (CO2), con respecto a una vivienda tradicional.<\/span><\/p>\n<p style=\"text-align: justify;\"><span style=\"color: #000000;\">A este porcentaje de reducci\u00f3n deben sumarse factores como n\u00famero de construcciones y su periodo de vida \u00fatil, que en M\u00e9xico es de alrededor de 40 a\u00f1os. Esto significa que en el pa\u00eds, con este proyecto, se abona al mundo una disminuci\u00f3n de entre 74,000 y 88,000 toneladas de di\u00f3xido de carbono, por medio de la implementaci\u00f3n de determinados criterios, sin que ello signifique elevar el costo de la vivienda.<\/span><\/p>\n<p style=\"text-align: justify;\"><span style=\"color: #000000;\">El director general de SHF, <strong>Jes\u00fas Alberto Cano V\u00e9lez<\/strong>, dijo que han unido esfuerzos con la Latin America Investment Facility (LAIF) de la Uni\u00f3n Europea y el Banco de Desarrollo Alem\u00e1n (KFW) para echar a andar este programa, que considera la entrega de subsidios para cubrir hasta 70% del sobrecosto por la implementaci\u00f3n de medidas de alta eficiencia y la asistencia t\u00e9cnica personalizada a su personal y a los desarrolladores.<\/span><\/p>\n<p style=\"text-align: justify;\"><span style=\"color: #000000;\">Acot\u00f3 que el costo por la implementaci\u00f3n de medidas de alta eficiencia energ\u00e9tica puede oscilar entre los 5,000 y 15,000 euros, seg\u00fan la zona clim\u00e1tica y el tipo de vivienda. \u201cPor ello, y considerando que se trata de la primera experiencia de construcci\u00f3n de vivienda pasiva masiva en M\u00e9xico, sin que ello signifique descuidar los factores de precio y calidad, en la SHF se desarroll\u00f3 una metodolog\u00eda\u00a0 que ofrece a los constructores la informaci\u00f3n necesaria en cuanto al uso eficiente de tecnolog\u00edas y recursos financieros\u201d, puntualiz\u00f3 el funcionario.<\/span><\/p>\n<p style=\"text-align: justify;\"><span style=\"color: #000000;\"><strong>Camino para llegar al reconocimiento<\/strong><\/span><\/p>\n<p style=\"text-align: justify;\"><span style=\"color: #000000;\">Cano V\u00e9lez explic\u00f3 que esta iniciativa fue resultado de un largo proceso que arranc\u00f3 con la convocatoria abierta a desarrolladores que estuvieran dispuestos a participar en esta clase de proyectos; as\u00ed, en la primera etapa, se obtuvieron 12 propuestas de las que cinco fueron seleccionadas en tres zonas bioclim\u00e1ticas en cinco estados mexicanos, y en la actualidad, est\u00e1 analiz\u00e1ndose la posibilidad de integrar a tres desarrolladores e incluir un proyecto demostrativo en la Ciudad de M\u00e9xico, esto con la finalidad de aprovechar al m\u00e1ximo las lecciones aprendidas, aplicar correcciones, reforzar el conocimiento sobre viviendas pasivas, mejorar la calidad del producto y continuar perfeccionando los procesos de edificaci\u00f3n.<\/span><\/p>\n<div id=\"casing\">\n<div align=\"left\">\n<div id=\"content\" class=\"rounded\">\n<div id=\"post-4942\" class=\"post post-4942 type-post status-publish format-standard has-post-thumbnail hentry category-mi-asesor tag-afore-administradoras-de-fondos-para-el-retiro-vivienda tag-consar-comision-nacional-del-sistema-de-ahorro-para-el-retiro-vivienda-infonavit-credito-hipotecario tag-fondo-de-ahorro-1972-1992-infonavit tag-subcuenta-de-vivienda-1992-1997-infonavit tag-subcuenta-de-vivienda-1997-infonavit tag-vivienda-noticias-credito-hipotecario-vivienda-google-noticias tag-vivienda-noticias-yahoo\">\n<div class=\"cover\">\n<div class=\"entry\">\n<h5><strong>COMPARTE LA LIGA DE ESTE ART\u00cdCULO: <\/strong><\/h5>\n<h5><strong>S\u00edguenos en Twitter: <a href=\"http:\/\/twitter.com\/Hogaresnoticia\">@Hogaresnoticia<\/a><\/strong><\/h5>\n<h5><strong>Quieres estar bien enterado, dale <a href=\"http:\/\/www.facebook.com\/pages\/hogaresnoticiacom\/135422876721\">ME GUSTA <\/a>a nuestra p\u00e1gina de Facebook<\/strong><\/h5>\n<\/div>\n<\/div>\n<\/div>\n<\/div>\n<\/div>\n<\/div>\n","protected":false},"excerpt":{"rendered":"<p>El proyecto considera criterios de sustentabilidad estrictos para la construcci\u00f3n de vivienda; se busca que en los pr\u00f3ximos dos a\u00f1os se obtengan datos para la formulaci\u00f3n, implementaci\u00f3n o continuidad de pol\u00edticas p\u00fablicas en materia habitacional de M\u00e9xico y el mundo. Redacci\u00f3n | Hogaresnoticia.com | 12 mayo 2017 Ciudad de M\u00e9xico.&#8211; El programa mexicano EcoCasa LAIF,<a href=\"https:\/\/hogaresnoticia.com.mx\/?p=15341\">&nbsp;&nbsp;[ Leer m\u00e1s ]<\/a><\/p>\n","protected":false},"author":1,"featured_media":6916,"comment_status":"open","ping_status":"open","sticky":false,"template":"","format":"standard","meta":{"footnotes":""},"categories":[36,22],"tags":[3906,3908,3004,3903,673,3904,75,3905,3907],"class_list":["post-15341","post","type-post","status-publish","format-standard","has-post-thumbnail","hentry","category-noticias","category-titulares","tag-banco-de-desarrollo-aleman","tag-bioclimaticas","tag-comunicado-de-prensa","tag-ecocasa-laif","tag-jesus-alberto-cano-velez","tag-latin-america-investment-facility","tag-shf","tag-vivienda-pasiva","tag-vviienda-sustentable"],"_links":{"self":[{"href":"https:\/\/hogaresnoticia.com.mx\/index.php?rest_route=\/wp\/v2\/posts\/15341","targetHints":{"allow":["GET"]}}],"collection":[{"href":"https:\/\/hogaresnoticia.com.mx\/index.php?rest_route=\/wp\/v2\/posts"}],"about":[{"href":"https:\/\/hogaresnoticia.com.mx\/index.php?rest_route=\/wp\/v2\/types\/post"}],"author":[{"embeddable":true,"href":"https:\/\/hogaresnoticia.com.mx\/index.php?rest_route=\/wp\/v2\/users\/1"}],"replies":[{"embeddable":true,"href":"https:\/\/hogaresnoticia.com.mx\/index.php?rest_route=%2Fwp%2Fv2%2Fcomments&post=15341"}],"version-history":[{"count":0,"href":"https:\/\/hogaresnoticia.com.mx\/index.php?rest_route=\/wp\/v2\/posts\/15341\/revisions"}],"wp:featuredmedia":[{"embeddable":true,"href":"https:\/\/hogaresnoticia.com.mx\/index.php?rest_route=\/wp\/v2\/media\/6916"}],"wp:attachment":[{"href":"https:\/\/hogaresnoticia.com.mx\/index.php?rest_route=%2Fwp%2Fv2%2Fmedia&parent=15341"}],"wp:term":[{"taxonomy":"category","embeddable":true,"href":"https:\/\/hogaresnoticia.com.mx\/index.php?rest_route=%2Fwp%2Fv2%2Fcategories&post=15341"},{"taxonomy":"post_tag","embeddable":true,"href":"https:\/\/hogaresnoticia.com.mx\/index.php?rest_route=%2Fwp%2Fv2%2Ftags&post=15341"}],"curies":[{"name":"wp","href":"https:\/\/api.w.org\/{rel}","templated":true}]}}