{"id":1645,"date":"2011-11-08T21:11:21","date_gmt":"2011-11-09T03:11:21","guid":{"rendered":"http:\/\/hogaresnoticia.com.mx\/?p=1645"},"modified":"2011-11-08T21:30:04","modified_gmt":"2011-11-09T03:30:04","slug":"blindaran-zona-del-distrito-federal-de-presiones-inmobiliarias","status":"publish","type":"post","link":"https:\/\/hogaresnoticia.com.mx\/?p=1645","title":{"rendered":"Blindar\u00e1n zona del Distrito Federal, de \u00abpresiones inmobiliarias\u00bb"},"content":{"rendered":"<p style=\"text-align: justify;\"><span style=\"color: #888888;\"><strong>El titular de la Secretar\u00eda de Desarrollo Urbano y Vivienda del Distrito Federal enarbola la bandera de la protecci\u00f3n, a favor de zonas habitacionales ubicadas en colonias emblem\u00e1ticas.<\/strong><\/span><\/p>\n<div id=\"attachment_1648\" style=\"width: 310px\" class=\"wp-caption alignright\"><a href=\"http:\/\/hogaresnoticia.com.mx\/wp-content\/uploads\/2011\/11\/foto_seduvi_gaby_romero-nov_2011.jpg\"><img loading=\"lazy\" decoding=\"async\" aria-describedby=\"caption-attachment-1648\" class=\"size-medium wp-image-1648\" title=\"foto_seduvi_gaby_romero-nov_2011\" src=\"http:\/\/hogaresnoticia.com.mx\/wp-content\/uploads\/2011\/11\/foto_seduvi_gaby_romero-nov_2011-300x179.jpg\" alt=\"\" width=\"300\" height=\"179\" srcset=\"https:\/\/hogaresnoticia.com.mx\/wp-content\/uploads\/2011\/11\/foto_seduvi_gaby_romero-nov_2011-300x179.jpg 300w, https:\/\/hogaresnoticia.com.mx\/wp-content\/uploads\/2011\/11\/foto_seduvi_gaby_romero-nov_2011.jpg 1024w\" sizes=\"auto, (max-width: 300px) 100vw, 300px\" \/><\/a><p id=\"caption-attachment-1648\" class=\"wp-caption-text\">Felipe Leal y Eduardo Santill\u00e1n <\/p><\/div>\n<p style=\"text-align: justify;\"><span style=\"color: #000000;\"><strong><a href=\"http:\/\/twitter.com\/gaby_romero07\">Gabriela Romero<\/a> | <a href=\"http:\/\/twitter.com\/Hogaresnoticia\">Hogaresnoticia<\/a><\/strong><\/span><\/p>\n<p style=\"text-align: justify;\"><span style=\"color: #000000;\"><strong>M\u00e9xico DF, 08 noviembre 2011<\/strong>.- La Secretar\u00eda de Desarrollo Urbano y Vivienda (Seduvi) que dirige <strong>Felipe Leal Fern\u00e1ndez<\/strong> se anot\u00f3 un triunfo al iniciar los trabajos para impulsar el Plan Parcial de Jardines del Pedregal, una de las zonas al sur de la ciudad de M\u00e9xico, con invaluable riqueza arquitect\u00f3nica.<\/span><\/p>\n<p style=\"text-align: justify;\"><span style=\"color: #000000;\">En conferencia de prensa, <strong>Felipe Leal<\/strong> anunci\u00f3 que enviar\u00e1n a la Asamblea Legislativa del Distrito Federal (ALDF) el plan para <strong>blindar<\/strong> a Jardines del Pedregal de <strong>presiones inmobiliarias<\/strong>, evitar su desarrollo desequilibrado y la p\u00e9rdida del patrimonio natural y cultural.<\/span><\/p>\n<p style=\"text-align: justify;\"><span style=\"color: #000000;\">El funcionario local asegur\u00f3 que ante la presi\u00f3n que ejercen diversas inmobiliarias sobre los vecinos del Jardines del Pedregal, la Seduvi impulsa la implementaci\u00f3n del plan parcial que salvaguarde las caracter\u00edsticas y el car\u00e1cter residencial de la zona.<\/span><\/p>\n<p style=\"text-align: justify;\"><span style=\"color: #000000;\">Agreg\u00f3 que el <em>Plan Parcial de Jardines del Pedregal<\/em> es en favor de los vecinos, para la preservaci\u00f3n del cuidado de casas emblem\u00e1ticas, \u00e1reas verdes y usos de suelo permitidos.<\/span><\/p>\n<p style=\"text-align: justify;\"><span style=\"color: #000000;\"><strong>Felipe Leal<\/strong> hizo hincapi\u00e9 en que Jardines del Pedregal, al igual que las colonias Condesa, Roma, Ju\u00e1rez y otras zonas de la ciudad de M\u00e9xico son muestras tangibles de las diversas etapas arquitect\u00f3nicas por las que ha atravesado la capital del pa\u00eds y es importante resguardar su valor hist\u00f3rico.<\/span><\/p>\n<p style=\"text-align: justify;\"><span style=\"color: #000000;\">Los \u201cplanes parciales son m\u00e1s locales y tienen una especificidad mucho m\u00e1s clara en relaci\u00f3n a las caracter\u00edsticas f\u00edsicas y de ordenamiento con que cuentan los fraccionamientos; as\u00ed contar\u00e1n con un instrumento mucho m\u00e1s definido elaborado con la participaci\u00f3n de los vecinos y los diferentes actores\u00bb, inform\u00f3 el funcionario.<\/span><\/p>\n<p style=\"text-align: justify;\"><span style=\"color: #000000;\">El delegado en \u00c1lvaro Obreg\u00f3n, <strong>Eduardo Santill\u00e1n<\/strong> dijo que el proceso de revisi\u00f3n y actualizaci\u00f3n del <em>Programa de Desarrollo Urbano<\/em> incluir\u00e1 la supervisi\u00f3n de 89 manzanas que equivalen a 589 hect\u00e1reas que comprenden Jardines del Pedregal para reforzar la protecci\u00f3n a la vocaci\u00f3n habitacional y la densidad poblacional de la zona. (<strong>Foto: Gabriela Romero<\/strong>)<\/span><\/p>\n<h5><strong>COMPARTE LA LIGA DE\u00a0ESTA NOTA: <\/strong><\/h5>\n<h5><strong><\/strong><strong>Quieres estar bien enterado, dale <a href=\"http:\/\/www.facebook.com\/pages\/hogaresnoticiacom\/135422876721\">ME GUSTA <\/a>a nuestra p\u00e1gina de Facebook<\/strong><\/h5>\n","protected":false},"excerpt":{"rendered":"<p>El titular de la Secretar\u00eda de Desarrollo Urbano y Vivienda del Distrito Federal enarbola la bandera de la protecci\u00f3n, a favor de zonas habitacionales ubicadas en colonias emblem\u00e1ticas. Gabriela Romero | Hogaresnoticia M\u00e9xico DF, 08 noviembre 2011.- La Secretar\u00eda de Desarrollo Urbano y Vivienda (Seduvi) que dirige Felipe Leal Fern\u00e1ndez se anot\u00f3 un triunfo al<a href=\"https:\/\/hogaresnoticia.com.mx\/?p=1645\">&nbsp;&nbsp;[ Leer m\u00e1s ]<\/a><\/p>\n","protected":false},"author":1,"featured_media":1648,"comment_status":"open","ping_status":"open","sticky":false,"template":"","format":"standard","meta":{"footnotes":""},"categories":[7,22],"tags":[],"class_list":["post-1645","post","type-post","status-publish","format-standard","has-post-thumbnail","hentry","category-espacios","category-titulares"],"_links":{"self":[{"href":"https:\/\/hogaresnoticia.com.mx\/index.php?rest_route=\/wp\/v2\/posts\/1645","targetHints":{"allow":["GET"]}}],"collection":[{"href":"https:\/\/hogaresnoticia.com.mx\/index.php?rest_route=\/wp\/v2\/posts"}],"about":[{"href":"https:\/\/hogaresnoticia.com.mx\/index.php?rest_route=\/wp\/v2\/types\/post"}],"author":[{"embeddable":true,"href":"https:\/\/hogaresnoticia.com.mx\/index.php?rest_route=\/wp\/v2\/users\/1"}],"replies":[{"embeddable":true,"href":"https:\/\/hogaresnoticia.com.mx\/index.php?rest_route=%2Fwp%2Fv2%2Fcomments&post=1645"}],"version-history":[{"count":0,"href":"https:\/\/hogaresnoticia.com.mx\/index.php?rest_route=\/wp\/v2\/posts\/1645\/revisions"}],"wp:featuredmedia":[{"embeddable":true,"href":"https:\/\/hogaresnoticia.com.mx\/index.php?rest_route=\/wp\/v2\/media\/1648"}],"wp:attachment":[{"href":"https:\/\/hogaresnoticia.com.mx\/index.php?rest_route=%2Fwp%2Fv2%2Fmedia&parent=1645"}],"wp:term":[{"taxonomy":"category","embeddable":true,"href":"https:\/\/hogaresnoticia.com.mx\/index.php?rest_route=%2Fwp%2Fv2%2Fcategories&post=1645"},{"taxonomy":"post_tag","embeddable":true,"href":"https:\/\/hogaresnoticia.com.mx\/index.php?rest_route=%2Fwp%2Fv2%2Ftags&post=1645"}],"curies":[{"name":"wp","href":"https:\/\/api.w.org\/{rel}","templated":true}]}}