{"id":18952,"date":"2019-06-12T15:35:43","date_gmt":"2019-06-12T20:35:43","guid":{"rendered":"http:\/\/hogaresnoticia.com.mx\/?p=18952"},"modified":"2019-06-12T15:36:43","modified_gmt":"2019-06-12T20:36:43","slug":"la-amenaza-que-enfrento-la-vivienda-en-renta-en-cdmx-visto-por-un-experto","status":"publish","type":"post","link":"https:\/\/hogaresnoticia.com.mx\/?p=18952","title":{"rendered":"La \u201camenaza\u201d que enfrent\u00f3 la vivienda en renta en CDMX; visto por un experto"},"content":{"rendered":"<p style=\"text-align: justify;\"><span style=\"color: #808080;\"><strong>De haberse aprobado el art\u00edculo 60 de la Ley de Derechos Humanos de la Ciudad de M\u00e9xico, como estaba redactado, se hubiera reducido la oferta de vivienda, para finalizar con un encarecimiento generalizado para todos.<\/strong><\/span><\/p>\n<p>renta<\/p>\n<div id=\"attachment_3188\" style=\"width: 640px\" class=\"wp-caption aligncenter\"><img loading=\"lazy\" decoding=\"async\" aria-describedby=\"caption-attachment-3188\" class=\" wp-image-3188\" src=\"http:\/\/hogaresnoticia.com.mx\/wp-content\/uploads\/2012\/06\/en-renta_iai.jpg\" alt=\"\" width=\"630\" height=\"378\" srcset=\"https:\/\/hogaresnoticia.com.mx\/wp-content\/uploads\/2012\/06\/en-renta_iai.jpg 600w, https:\/\/hogaresnoticia.com.mx\/wp-content\/uploads\/2012\/06\/en-renta_iai-300x180.jpg 300w\" sizes=\"auto, (max-width: 630px) 100vw, 630px\" \/><p id=\"caption-attachment-3188\" class=\"wp-caption-text\"><strong>FOTO: Archivo Hogaresnoticia.com<\/strong><\/p><\/div>\n<p style=\"text-align: justify;\"><a href=\"http:\/\/Twitter.com\/Hogaresnoticia\"><strong>Redacci\u00f3n | Hogaresnoticia.com | 12 junio 2019<\/strong><\/a><\/p>\n<p style=\"text-align: justify;\"><span style=\"color: #000000;\"><strong>Ciudad de M\u00e9xico<\/strong>.- Las modificaciones que intentaron realizarse en el Art\u00edculo 60 de la <strong>Ley de Derechos Humanos de la Ciudad de M\u00e9xico<\/strong>, constituyeron una \u201camenaza descomunal\u201d para la vivienda en renta, asegur\u00f3 el socio Director del Fondo Inmobiliario BCG, <strong>Ignacio Beteta<\/strong><\/span><\/p>\n<p style=\"text-align: justify;\"><span style=\"color: #000000;\">El tambi\u00e9n ex director de Cr\u00e9dito Hipotecario en Banco del Atl\u00e1ntico, Hipotecaria Vanguardia, General Hipotecaria de GE y de Banco Azteca, dijo que de haberse aprobado la propuesta, como estaba redactada, \u201chubiera impactado en la econom\u00eda de manera inmediata, porque se hubiera detenido la producci\u00f3n de departamentos para renta\u201d.<\/span><\/p>\n<p style=\"text-align: justify;\"><span style=\"color: #000000;\">El especialista aprovech\u00f3 para enumerar diversos temas, donde hubiera tenido impacto dicha ley, de haberse aprobado la propuesta.<\/span><\/p>\n<p style=\"text-align: justify;\"><span style=\"color: #000000;\">\u201cAfecta a varios sectores de la sociedad. Primero, a las personas que viven de sus rentas y que encontrar\u00edan dificultades para desalojar a inquilinos morosos. En segundo lugar, a los desarrolladores que iban a construir vivienda para renta; cancelar\u00edan sus proyectos. En tercer lugar, se propiciar\u00eda desempleo en el sector construcci\u00f3n de vivienda. Y en cuarto lugar, los bancos, el Infonavit, el Fovissste y toda la industria hipotecaria restringir\u00edan sus pr\u00e9stamos a los compradores de vivienda, por un mayor riesgo, dada la pr\u00e1ctica que tienen muchos de adquirir casas y departamentos para luego rentar\u201d, advirti\u00f3.<\/span><\/p>\n<p style=\"text-align: justify;\"><span style=\"color: #000000;\">Adem\u00e1s, acot\u00f3, se hubiera reducido la oferta de vivienda para finalizar con un encarecimiento generalizado para todos.<\/span><\/p>\n<p style=\"text-align: justify;\"><span style=\"color: #000000;\">Ignacio Beteta dijo que la vivienda en renta cumple una funci\u00f3n muy importante para la formaci\u00f3n de nuevos hogares y la movilidad social, de quienes no tienen la intenci\u00f3n de conservar el mismo trabajo o vivir toda su vida en la misma ciudad.<\/span><\/p>\n<p style=\"text-align: justify;\"><span style=\"color: #000000;\">\u00abCon la globalizaci\u00f3n, las personas permanecen menos tiempo en la misma colonia, ciudad o incluso pa\u00eds. Hay un cambio en los h\u00e1bitos de las nuevas generaciones; muchos prefieren gastar en viajes y pagar una renta que ahorrar para comprarse un departamento\u00bb, explic\u00f3 el analista.<\/span><\/p>\n<p style=\"text-align: justify;\"><span style=\"color: #000000;\">Desde su punto de vista, los \u201cintentos por proteger a la ciudadan\u00eda deben tambi\u00e9n proteger el equilibrio en los mercados, que finalmente salvaguardan eficientemente a muchos ciudadanos\u201d.tu casa<\/span><\/p>\n<h5><strong>\u00bfTE PARECI\u00d3 INTERESANTE LA INFORMACI\u00d3N? COMP\u00c1RTELA USANDO ESTA\u00a0<\/strong><strong>LIGA: <\/strong><\/h5>\n<p><strong>S\u00edguenos en Twitter:\u00a0<a href=\"http:\/\/twitter.com\/Hogaresnoticia\">@Hogaresnoticia<\/a><\/strong><\/p>\n<p><strong>Quieres estar bien enterado, dale\u00a0<a href=\"http:\/\/www.facebook.com\/pages\/hogaresnoticiacom\/135422876721\">ME GUSTA\u00a0<\/a>a nuestra p\u00e1gina de Facebook<\/strong><\/p>\n","protected":false},"excerpt":{"rendered":"<p>De haberse aprobado el art\u00edculo 60 de la Ley de Derechos Humanos de la Ciudad de M\u00e9xico, como estaba redactado, se hubiera reducido la oferta de vivienda, para finalizar con un encarecimiento generalizado para todos. renta Redacci\u00f3n | Hogaresnoticia.com | 12 junio 2019 Ciudad de M\u00e9xico.- Las modificaciones que intentaron realizarse en el Art\u00edculo 60<a href=\"https:\/\/hogaresnoticia.com.mx\/?p=18952\">&nbsp;&nbsp;[ Leer m\u00e1s ]<\/a><\/p>\n","protected":false},"author":1,"featured_media":3188,"comment_status":"open","ping_status":"closed","sticky":false,"template":"","format":"standard","meta":{"footnotes":""},"categories":[6,22],"tags":[5034,5033],"class_list":["post-18952","post","type-post","status-publish","format-standard","has-post-thumbnail","hentry","category-mi-asesor","category-titulares","tag-articulo-60-ley","tag-ignacio-beteta"],"_links":{"self":[{"href":"https:\/\/hogaresnoticia.com.mx\/index.php?rest_route=\/wp\/v2\/posts\/18952","targetHints":{"allow":["GET"]}}],"collection":[{"href":"https:\/\/hogaresnoticia.com.mx\/index.php?rest_route=\/wp\/v2\/posts"}],"about":[{"href":"https:\/\/hogaresnoticia.com.mx\/index.php?rest_route=\/wp\/v2\/types\/post"}],"author":[{"embeddable":true,"href":"https:\/\/hogaresnoticia.com.mx\/index.php?rest_route=\/wp\/v2\/users\/1"}],"replies":[{"embeddable":true,"href":"https:\/\/hogaresnoticia.com.mx\/index.php?rest_route=%2Fwp%2Fv2%2Fcomments&post=18952"}],"version-history":[{"count":0,"href":"https:\/\/hogaresnoticia.com.mx\/index.php?rest_route=\/wp\/v2\/posts\/18952\/revisions"}],"wp:featuredmedia":[{"embeddable":true,"href":"https:\/\/hogaresnoticia.com.mx\/index.php?rest_route=\/wp\/v2\/media\/3188"}],"wp:attachment":[{"href":"https:\/\/hogaresnoticia.com.mx\/index.php?rest_route=%2Fwp%2Fv2%2Fmedia&parent=18952"}],"wp:term":[{"taxonomy":"category","embeddable":true,"href":"https:\/\/hogaresnoticia.com.mx\/index.php?rest_route=%2Fwp%2Fv2%2Fcategories&post=18952"},{"taxonomy":"post_tag","embeddable":true,"href":"https:\/\/hogaresnoticia.com.mx\/index.php?rest_route=%2Fwp%2Fv2%2Ftags&post=18952"}],"curies":[{"name":"wp","href":"https:\/\/api.w.org\/{rel}","templated":true}]}}