{"id":1905,"date":"2012-01-10T16:57:58","date_gmt":"2012-01-10T22:57:58","guid":{"rendered":"http:\/\/hogaresnoticia.com.mx\/?p=1905"},"modified":"2013-10-10T18:58:49","modified_gmt":"2013-10-10T23:58:49","slug":"la-sustentabilidad-una-practica-a-largo-plazo-y-no-instantanea-jose-picciotto","status":"publish","type":"post","link":"https:\/\/hogaresnoticia.com.mx\/?p=1905","title":{"rendered":"La sustentabilidad, una pr\u00e1ctica a largo plazo y no instant\u00e1nea: Jos\u00e9 Picciotto"},"content":{"rendered":"<p style=\"text-align: justify;\"><span style=\"color: #808080;\"><strong>RECORDANDO: Este a\u00f1o (2012) inicia la construcci\u00f3n de un imponente edificio vertical de usos mixtos en el Distrito Federal que dar\u00e1 la mayor cantidad de servicios en un solo lugar y promover\u00e1 una mayor movilidad a peatones.<\/strong><\/span><\/p>\n<div id=\"attachment_1906\" style=\"width: 209px\" class=\"wp-caption alignright\"><a href=\"http:\/\/twitter.com\/gaby_romero07\"><img loading=\"lazy\" decoding=\"async\" aria-describedby=\"caption-attachment-1906\" class=\"size-medium wp-image-1906\" title=\"picciotto\" alt=\"\" src=\"http:\/\/hogaresnoticia.com.mx\/wp-content\/uploads\/2012\/01\/picciotto-199x300.jpg\" width=\"199\" height=\"300\" srcset=\"https:\/\/hogaresnoticia.com.mx\/wp-content\/uploads\/2012\/01\/picciotto-199x300.jpg 199w, https:\/\/hogaresnoticia.com.mx\/wp-content\/uploads\/2012\/01\/picciotto.jpg 681w\" sizes=\"auto, (max-width: 199px) 100vw, 199px\" \/><\/a><p id=\"caption-attachment-1906\" class=\"wp-caption-text\">Arquitecto Jos\u00e9 Picciotto<\/p><\/div>\n<p style=\"text-align: justify;\"><strong><a href=\"http:\/\/twitter.com\/gaby_romero07\">Redacci\u00f3n<\/a> \u00a0| <a href=\"http:\/\/twitter.com\/Hogaresnoticia\">Hogar Es Noticia<\/a>\u00a0| <a href=\"http:\/\/twitter.com\/Hogaresnoticia\">10 Enero 2012<\/a><\/strong><\/p>\n<p style=\"text-align: justify;\"><span style=\"color: #000000;\"><strong>M\u00e9xico DF.- <\/strong>El reto de poder construir una ciudad sustentable mueve al arquitecto <strong>Jos\u00e9 Picciotto <\/strong>a participar en proyectos que contribuyan al ahorro de energ\u00eda y a no contaminar el ambiente, por ello busca que las edificaciones se dise\u00f1en y realicen con materiales de bajo impacto ambiental.<\/span><\/p>\n<p style=\"text-align: justify;\"><span style=\"color: #000000;\">En entrevista con <strong><a href=\"http:\/\/twitter.com\/Hogaresnoticia\">Hogar Es Noticia <\/a><\/strong>el director del despacho PicciottoArquiectos<strong>, Jos\u00e9 Picciotto, <\/strong>explic\u00f3 que el tema sustentable est\u00e1 asociado a la pasividad, a climatizar el h\u00e1bitat por medios naturales como el m\u00e1ximo aprovechamiento de la ventilaci\u00f3n, la luz natural y la orientaci\u00f3n correcta que permiten conservar el calor \u00e9n el fr\u00edo y en temporada de calor se mantenga fresco, al tiempo que reduce al m\u00ednimo el uso de aire acondicionado y calefacci\u00f3n.<\/span><\/p>\n<p style=\"text-align: justify;\"><span style=\"color: #000000;\"><strong>Nuevo centro comercial<\/strong><\/span><\/p>\n<p style=\"text-align: justify;\"><span style=\"color: #000000;\">Este a\u00f1o (2012) se iniciar\u00e1 la construcci\u00f3n de la segunda fase del <em>Centro Comercial Metr\u00f3poli Patriotismo,<\/em> que est\u00e1 ubicado en la colonia San Pedro de los Pinos, una de las zonas mejor comunicadas del poniente de la ciudad de M\u00e9xico y sobre este proyecto explica <strong>Jos\u00e9 Picciotto<\/strong>:<\/span><\/p>\n<p style=\"text-align: justify;\"><span style=\"color: #000000;\">\u201cParticipar en este proyecto es una forma muy interesante de hacer la ciudad que se busca en la actualidad, porque se concentran todos los usos en un s\u00f3lo centro urbano. En este caso habr\u00e1 oficinas, hotel, locales comerciales, centros de entretenimiento y servicios financieros.\u201d<\/span><\/p>\n<p style=\"text-align: justify;\"><span style=\"color: #000000;\">Afirma que la sustentabilidad no es hacer un edificio con plantitas. \u201cHay que generar la movilidad de las personas dentro de la ciudad\u00a0 para hacerla lo m\u00e1s corta posible.Digamos que para alguien que trabaja en una oficina de edificios de usos mixtos es m\u00e1s pr\u00e1ctico comer en alguno de los restaurantes que hay en el inmueble, de esa manera se evita que se desplace a otro lugar.\u201d<\/span><\/p>\n<p style=\"text-align: justify;\"><span style=\"color: #000000;\">La forma como se est\u00e1 redensificando la ciudad es importante porque permite que se construyan m\u00e1s edificios verticales, punto importante para <strong>Picciotto<\/strong>, quien dice el \u00abdise\u00f1o arquitect\u00f3nico viene despu\u00e9s\u00bb.<\/span><\/p>\n<div id=\"attachment_1909\" style=\"width: 310px\" class=\"wp-caption alignright\"><a href=\"http:\/\/hogaresnoticia.com.mx\/wp-content\/uploads\/2012\/01\/metropoli-patriotismo.jpg\"><img loading=\"lazy\" decoding=\"async\" aria-describedby=\"caption-attachment-1909\" class=\"size-medium wp-image-1909\" alt=\"metropoli patriotismo\" src=\"http:\/\/hogaresnoticia.com.mx\/wp-content\/uploads\/2012\/01\/metropoli-patriotismo-300x246.jpg\" width=\"300\" height=\"246\" srcset=\"https:\/\/hogaresnoticia.com.mx\/wp-content\/uploads\/2012\/01\/metropoli-patriotismo-300x246.jpg 300w, https:\/\/hogaresnoticia.com.mx\/wp-content\/uploads\/2012\/01\/metropoli-patriotismo.jpg 935w\" sizes=\"auto, (max-width: 300px) 100vw, 300px\" \/><\/a><p id=\"caption-attachment-1909\" class=\"wp-caption-text\">Proyecto Metr\u00f3poli Patriotismo<\/p><\/div>\n<p style=\"text-align: justify;\"><span style=\"color: #888888;\"><strong>\u201cLos edificios son ahora muy eficientes y dise\u00f1ados con tecnolog\u00edas que permiten ahorros considerables de energ\u00eda el\u00e9ctrica, al contar con una excelente iluminaci\u00f3n natural, as\u00ed como con sistemas de captaci\u00f3n de aguas pluviales.\u201d<\/strong><\/span><\/p>\n<p style=\"text-align: justify;\"><span style=\"color: #000000;\">Entre los grandes problemas que enfrenta el Distrito Federal destaca la falta de planeaci\u00f3n en el transporte p\u00fablico, problema no atendido adecuadamente para que haya un desarrollo urbano eficiente.<\/span><\/p>\n<p style=\"text-align: justify;\"><span style=\"color: #000000;\">\u201cEl modelo de ciudad que se construye en M\u00e9xico requiere que se dejen de usar los veh\u00edculos y se dise\u00f1e una red de transporte transversal con mayor conectividad entre metros, camiones, microbuses y metrob\u00fas. Para hacer posible lo anterior es indispensable la ubicaci\u00f3n de los inmuebles, debemos de construir en zonas que sean de f\u00e1cil acceso a los usuarios, que puedan llegar caminando o bien en bicicleta y evitar el uso de los veh\u00edculos\u201d, destaca <strong>Picciotto<\/strong>.<\/span><\/p>\n<p style=\"text-align: justify;\"><span style=\"color: #000000;\">La segunda fase de Metr\u00f3poli Patriotismo, con una inversi\u00f3n de 750 millones de pesos, tendr\u00e1 tres niveles comerciales, ocho pisos de oficinas y uno m\u00e1s ser\u00e1 para centro de negocios. La construcci\u00f3n nueva duplicar\u00e1 el espacio que actualmente ocupa; ser\u00e1n en total 120,000 metros cuadrados.<\/span><\/p>\n<p style=\"text-align: justify;\"><span style=\"color: #000000;\">Adem\u00e1s se crear\u00e1n 500 empleos directos en la construcci\u00f3n, 1,000 indirectos y cuando se termine la obra en el a\u00f1o 2015 habr\u00e1 1,000 empleos fijos. (<strong>Foto: Cortes\u00eda PicciottoArquitectos<\/strong>)<\/span><\/p>\n<p style=\"text-align: justify;\"><strong>COMPARTE LA LIGA DE\u00a0ESTA NOTA: <\/strong><\/p>\n<h5><strong><\/strong><strong>Quieres estar bien enterado, dale <a href=\"http:\/\/www.facebook.com\/pages\/hogaresnoticiacom\/135422876721\">ME GUSTA <\/a>a nuestra p\u00e1gina de Facebook<\/strong><\/h5>\n","protected":false},"excerpt":{"rendered":"<p>RECORDANDO: Este a\u00f1o (2012) inicia la construcci\u00f3n de un imponente edificio vertical de usos mixtos en el Distrito Federal que dar\u00e1 la mayor cantidad de servicios en un solo lugar y promover\u00e1 una mayor movilidad a peatones. Redacci\u00f3n \u00a0| Hogar Es Noticia\u00a0| 10 Enero 2012 M\u00e9xico DF.- El reto de poder construir una ciudad sustentable<a href=\"https:\/\/hogaresnoticia.com.mx\/?p=1905\">&nbsp;&nbsp;[ Leer m\u00e1s ]<\/a><\/p>\n","protected":false},"author":1,"featured_media":1909,"comment_status":"open","ping_status":"open","sticky":false,"template":"","format":"standard","meta":{"footnotes":""},"categories":[9,7,22],"tags":[],"class_list":["post-1905","post","type-post","status-publish","format-standard","has-post-thumbnail","hentry","category-vecinos-de-10","category-espacios","category-titulares"],"_links":{"self":[{"href":"https:\/\/hogaresnoticia.com.mx\/index.php?rest_route=\/wp\/v2\/posts\/1905","targetHints":{"allow":["GET"]}}],"collection":[{"href":"https:\/\/hogaresnoticia.com.mx\/index.php?rest_route=\/wp\/v2\/posts"}],"about":[{"href":"https:\/\/hogaresnoticia.com.mx\/index.php?rest_route=\/wp\/v2\/types\/post"}],"author":[{"embeddable":true,"href":"https:\/\/hogaresnoticia.com.mx\/index.php?rest_route=\/wp\/v2\/users\/1"}],"replies":[{"embeddable":true,"href":"https:\/\/hogaresnoticia.com.mx\/index.php?rest_route=%2Fwp%2Fv2%2Fcomments&post=1905"}],"version-history":[{"count":0,"href":"https:\/\/hogaresnoticia.com.mx\/index.php?rest_route=\/wp\/v2\/posts\/1905\/revisions"}],"wp:featuredmedia":[{"embeddable":true,"href":"https:\/\/hogaresnoticia.com.mx\/index.php?rest_route=\/wp\/v2\/media\/1909"}],"wp:attachment":[{"href":"https:\/\/hogaresnoticia.com.mx\/index.php?rest_route=%2Fwp%2Fv2%2Fmedia&parent=1905"}],"wp:term":[{"taxonomy":"category","embeddable":true,"href":"https:\/\/hogaresnoticia.com.mx\/index.php?rest_route=%2Fwp%2Fv2%2Fcategories&post=1905"},{"taxonomy":"post_tag","embeddable":true,"href":"https:\/\/hogaresnoticia.com.mx\/index.php?rest_route=%2Fwp%2Fv2%2Ftags&post=1905"}],"curies":[{"name":"wp","href":"https:\/\/api.w.org\/{rel}","templated":true}]}}