{"id":1921,"date":"2012-01-11T20:25:56","date_gmt":"2012-01-12T02:25:56","guid":{"rendered":"http:\/\/hogaresnoticia.com.mx\/?p=1921"},"modified":"2012-01-11T20:32:46","modified_gmt":"2012-01-12T02:32:46","slug":"firma-fch-para-que-jubilados-recuperen-ahorro-en-infonavit","status":"publish","type":"post","link":"https:\/\/hogaresnoticia.com.mx\/?p=1921","title":{"rendered":"Firma FCH acuerdo para que jubilados recuperen ahorro en Infonavit"},"content":{"rendered":"<p style=\"text-align: justify;\"><span style=\"color: #888888;\"><strong>El presidente Felipe Calder\u00f3n Hinojosa sign\u00f3 el Decreto de reformas a la Ley del Infonavit que permitir\u00e1 a los derechohabientes de ese organismo que no utilicen su cr\u00e9dito de vivienda, solicitar su dinero.<\/strong><\/span><\/p>\n<div id=\"attachment_1922\" style=\"width: 310px\" class=\"wp-caption alignright\"><a href=\"http:\/\/twitter.com\/SaulGalarza\"><img loading=\"lazy\" decoding=\"async\" aria-describedby=\"caption-attachment-1922\" class=\"size-medium wp-image-1922\" title=\"firma_calderon_reformadeley\" src=\"http:\/\/hogaresnoticia.com.mx\/wp-content\/uploads\/2012\/01\/firma_calderon_reformadeley-300x175.jpg\" alt=\"\" width=\"300\" height=\"175\" srcset=\"https:\/\/hogaresnoticia.com.mx\/wp-content\/uploads\/2012\/01\/firma_calderon_reformadeley-300x175.jpg 300w, https:\/\/hogaresnoticia.com.mx\/wp-content\/uploads\/2012\/01\/firma_calderon_reformadeley.jpg 1024w\" sizes=\"auto, (max-width: 300px) 100vw, 300px\" \/><\/a><p id=\"caption-attachment-1922\" class=\"wp-caption-text\">Felipe Calder\u00f3n en la firma del acuerdo <\/p><\/div>\n<p style=\"text-align: justify;\"><span style=\"color: #000000;\"><strong><a href=\"http:\/\/twitter.com\/SaulGalarza\">Saul Galarza | Hogaresnoticia<\/a><\/strong><\/span><\/p>\n<p style=\"text-align: justify;\"><span style=\"color: #000000;\"><strong>M\u00e9xico DF, 11 Enero 2012<\/strong>.- El presidente <strong>Felipe Calder\u00f3n <\/strong>firm\u00f3 el decreto que reforma la Ley del Infonavit para que trabajadores jubilados recuperaren su ahorro acumulado en la subcuenta de vivienda 97, y a trabajadores en activo que podr\u00e1n optar por un cr\u00e9dito en pesos a tasa nominal y acceder a un segundo pr\u00e9stamo.<\/span><\/p>\n<p style=\"text-align: justify;\"><span style=\"color: #000000;\">En el \u00a0marco de la inauguraci\u00f3n de la primera fase del desarrollo Hogar es Ceyl\u00e1n, \u00a0al norte de la ciudad de M\u00e9xico, el mandatario destac\u00f3 que los trabajadores que comenzaron a cotizar en el Seguro Social, a partir de julio de 1997 y que no han usado su cr\u00e9dito del Infonavit, podr\u00e1n recibir el dinero ahorrado en su subcuenta de vivienda al retirarse.<\/span><\/p>\n<p style=\"text-align: justify;\"><span style=\"color: #000000;\">Con ello, asegur\u00f3, se beneficiar\u00e1n en el corto plazo a cerca de 2 millones de trabajadores por un monto estimado de 19,000 millones de pesos, que equivalen a un promedio de 20,000 pesos por trabajador, as\u00ed como 19 millones de trabajadores en el largo plazo.<\/span><\/p>\n<p style=\"text-align: justify;\"><span style=\"color: #000000;\">El Jefe del Ejecutivo tambi\u00e9n destac\u00f3 que los derechohabientes podr\u00e1n solicitar un segundo cr\u00e9dito, en coparticipaci\u00f3n del Infonavit con otras entidades financieras, una vez que hayan liquidado su primer cr\u00e9dito. Asimismo, que los trabajadores podr\u00e1n elegir un esquema de pagos fijos establecidos en pesos.<\/span><\/p>\n<p style=\"text-align: justify;\"><span style=\"color: #000000;\">El presidente resalt\u00f3 que este ser\u00e1 el sexenio de la vivienda al dar a las familias seguridad, protecci\u00f3n y bases s\u00f3lidas para \u201clabrarse un mejor futuro\u201d. (<strong>Foto: Gerardo Celis | Infonavit<\/strong>)<\/span><\/p>\n<p style=\"text-align: justify;\"><span style=\"color: #000000;\">\u00a0<\/span><\/p>\n<h5><strong>COMPARTE LA LIGA DE\u00a0ESTA NOTA: <\/strong><\/h5>\n<h5><strong><\/strong><strong><\/strong><strong>Quieres estar bien enterado, dale <a href=\"http:\/\/www.facebook.com\/pages\/hogaresnoticiacom\/135422876721\">ME GUSTA <\/a>a nuestra p\u00e1gina de Facebook<\/strong><\/h5>\n","protected":false},"excerpt":{"rendered":"<p>El presidente Felipe Calder\u00f3n Hinojosa sign\u00f3 el Decreto de reformas a la Ley del Infonavit que permitir\u00e1 a los derechohabientes de ese organismo que no utilicen su cr\u00e9dito de vivienda, solicitar su dinero. Saul Galarza | Hogaresnoticia M\u00e9xico DF, 11 Enero 2012.- El presidente Felipe Calder\u00f3n firm\u00f3 el decreto que reforma la Ley del Infonavit<a href=\"https:\/\/hogaresnoticia.com.mx\/?p=1921\">&nbsp;&nbsp;[ Leer m\u00e1s ]<\/a><\/p>\n","protected":false},"author":1,"featured_media":1922,"comment_status":"open","ping_status":"open","sticky":false,"template":"","format":"standard","meta":{"footnotes":""},"categories":[4,22],"tags":[],"class_list":["post-1921","post","type-post","status-publish","format-standard","has-post-thumbnail","hentry","category-desarrollos","category-titulares"],"_links":{"self":[{"href":"https:\/\/hogaresnoticia.com.mx\/index.php?rest_route=\/wp\/v2\/posts\/1921","targetHints":{"allow":["GET"]}}],"collection":[{"href":"https:\/\/hogaresnoticia.com.mx\/index.php?rest_route=\/wp\/v2\/posts"}],"about":[{"href":"https:\/\/hogaresnoticia.com.mx\/index.php?rest_route=\/wp\/v2\/types\/post"}],"author":[{"embeddable":true,"href":"https:\/\/hogaresnoticia.com.mx\/index.php?rest_route=\/wp\/v2\/users\/1"}],"replies":[{"embeddable":true,"href":"https:\/\/hogaresnoticia.com.mx\/index.php?rest_route=%2Fwp%2Fv2%2Fcomments&post=1921"}],"version-history":[{"count":0,"href":"https:\/\/hogaresnoticia.com.mx\/index.php?rest_route=\/wp\/v2\/posts\/1921\/revisions"}],"wp:featuredmedia":[{"embeddable":true,"href":"https:\/\/hogaresnoticia.com.mx\/index.php?rest_route=\/wp\/v2\/media\/1922"}],"wp:attachment":[{"href":"https:\/\/hogaresnoticia.com.mx\/index.php?rest_route=%2Fwp%2Fv2%2Fmedia&parent=1921"}],"wp:term":[{"taxonomy":"category","embeddable":true,"href":"https:\/\/hogaresnoticia.com.mx\/index.php?rest_route=%2Fwp%2Fv2%2Fcategories&post=1921"},{"taxonomy":"post_tag","embeddable":true,"href":"https:\/\/hogaresnoticia.com.mx\/index.php?rest_route=%2Fwp%2Fv2%2Ftags&post=1921"}],"curies":[{"name":"wp","href":"https:\/\/api.w.org\/{rel}","templated":true}]}}