{"id":1953,"date":"2012-01-18T18:36:36","date_gmt":"2012-01-19T00:36:36","guid":{"rendered":"http:\/\/hogaresnoticia.com.mx\/?p=1953"},"modified":"2012-01-18T18:43:31","modified_gmt":"2012-01-19T00:43:31","slug":"fovissste-consolidara-su-cambio-estructural-este-ano","status":"publish","type":"post","link":"https:\/\/hogaresnoticia.com.mx\/?p=1953","title":{"rendered":"Fovissste consolidar\u00e1 su cambio estructural este a\u00f1o"},"content":{"rendered":"<p style=\"text-align: justify;\"><span style=\"color: #888888;\"><strong>Con una renovada organizaci\u00f3n, el Fovissste se perfila para iniciar una nueva etapa con perspectiva global y de largo alcance, capaz de atender a sus derechohabientes y contribuir con el fortalecimiento de la econom\u00eda nacional.<\/strong><\/span><\/p>\n<div id=\"attachment_1954\" style=\"width: 310px\" class=\"wp-caption alignright\"><a href=\"http:\/\/twitter.com\/Hogaresnoticia\"><img loading=\"lazy\" decoding=\"async\" aria-describedby=\"caption-attachment-1954\" class=\"size-medium wp-image-1954\" title=\"manuel_perez_cardenas_enero_2012\" src=\"http:\/\/hogaresnoticia.com.mx\/wp-content\/uploads\/2012\/01\/manuel_perez_cardenas_enero_2012-300x186.jpg\" alt=\"\" width=\"300\" height=\"186\" srcset=\"https:\/\/hogaresnoticia.com.mx\/wp-content\/uploads\/2012\/01\/manuel_perez_cardenas_enero_2012-300x186.jpg 300w, https:\/\/hogaresnoticia.com.mx\/wp-content\/uploads\/2012\/01\/manuel_perez_cardenas_enero_2012.jpg 500w\" sizes=\"auto, (max-width: 300px) 100vw, 300px\" \/><\/a><p id=\"caption-attachment-1954\" class=\"wp-caption-text\">Manuel P\u00e9rez C\u00e1rdenas, vocal Ejecutivo del Fovissste<\/p><\/div>\n<p style=\"text-align: justify;\"><span style=\"color: #000000;\"><strong><a href=\"http:\/\/twitter.com\/Hogaresnoticia\">Redacci\u00f3n | Hogaresnoticia<\/a><\/strong><\/span><\/p>\n<p style=\"text-align: justify;\"><span style=\"color: #000000;\"><strong>M\u00e9xico DF, 18 Enero 212<\/strong>.- El vocal Ejecutivo del Fondo de la Vivienda del ISSSTE (Fovissste), <strong>Manuel P\u00e9rez C\u00e1rdenas<\/strong>, se comprometi\u00f3 a consolidar este a\u00f1o el cambio estructural que inici\u00f3 en la dependencia, de la mano con una sana autosuficiencia financiera, absoluta transparencia operativa y con la entrega de un n\u00famero mayor de cr\u00e9ditos hipotecarios.<\/span><\/p>\n<p style=\"text-align: justify;\"><span style=\"color: #000000;\">Resalt\u00f3 que el trabajo realizado en este sexenio dar\u00e1 como resultado un renovado Fovissste, \u00abeficaz, fuerte y transparente, con una s\u00f3lida estructura operativa y financiera, libre de cargas del pasado\u00bb.<\/span><\/p>\n<p style=\"text-align: justify;\"><span style=\"color: #000000;\">Sostuvo que con los cambios implementados, el Fondo ser\u00e1 capaz de emprender una nueva etapa sostenible de servicio con perspectiva global y de largo plazo, en beneficio de los trabajadores y de la econom\u00eda nacional.<\/span><\/p>\n<p style=\"text-align: justify;\"><span style=\"color: #000000;\">Detall\u00f3 que en el \u00faltimo a\u00f1o de la administraci\u00f3n del gobierno federal, el Fondo de la Vivienda del ISSSTE busca mejorar en forma coordinada con nacional Financiera (Nafin), bancos participantes y la Secretar\u00eda de Hacienda y Cr\u00e9dito P\u00fablico (SHCP) el actual esquema de factoraje, aplicable tanto a vivienda nueva como a usada.<\/span><\/p>\n<p style=\"text-align: justify;\"><span style=\"color: #000000;\">Asimismo, indic\u00f3 que pretenden generar utilidades repartibles del orden de las reportadas para los a\u00f1os precedentes; construir un nuevo <em>modelo de atenci\u00f3n ciudadana<\/em> a partir de las gerencias regionales.<\/span><\/p>\n<p style=\"text-align: justify;\"><span style=\"color: #000000;\">En la parte financiera sostuvo que se reflejar\u00e1n los criterios del Comit\u00e9 de Basilea III en los estados financieros de 2012 y se mantendr\u00e1 el eficiente \u00edndice de costo operativo alcanzado.<\/span><\/p>\n<p style=\"text-align: justify;\"><span style=\"color: #000000;\">Vale recordar que en el 2012, \u00faltimo a\u00f1o del sexenio del presidente <strong>Felipe Calder\u00f3n<\/strong>, el Fondo planea la colocaci\u00f3n de al menos 75,000 cr\u00e9ditos hipotecarios que representar\u00e1n una derrama de alrededor de 57,500 millones de pesos. (<strong>Foto: Gabriela Romero<\/strong>)<\/span><\/p>\n<p style=\"text-align: justify;\"><span style=\"color: #000000;\">\u00a0<\/span><\/p>\n<h5><strong>COMPARTE LA LIGA DE\u00a0ESTA NOTA: <\/strong><\/h5>\n<h5><strong><\/strong><strong><\/strong><strong><\/strong><strong><\/strong><strong>Quieres estar bien enterado, dale <a href=\"http:\/\/www.facebook.com\/pages\/hogaresnoticiacom\/135422876721\">ME GUSTA <\/a>a nuestra p\u00e1gina de Facebook<\/strong><\/h5>\n","protected":false},"excerpt":{"rendered":"<p>Con una renovada organizaci\u00f3n, el Fovissste se perfila para iniciar una nueva etapa con perspectiva global y de largo alcance, capaz de atender a sus derechohabientes y contribuir con el fortalecimiento de la econom\u00eda nacional. Redacci\u00f3n | Hogaresnoticia M\u00e9xico DF, 18 Enero 212.- El vocal Ejecutivo del Fondo de la Vivienda del ISSSTE (Fovissste), Manuel<a href=\"https:\/\/hogaresnoticia.com.mx\/?p=1953\">&nbsp;&nbsp;[ Leer m\u00e1s ]<\/a><\/p>\n","protected":false},"author":1,"featured_media":1954,"comment_status":"open","ping_status":"open","sticky":false,"template":"","format":"standard","meta":{"footnotes":""},"categories":[4,22],"tags":[48,50,95,96],"class_list":["post-1953","post","type-post","status-publish","format-standard","has-post-thumbnail","hentry","category-desarrollos","category-titulares","tag-fovissste","tag-manuel-perez-cardenas","tag-noticias-google","tag-noticias-yahoo"],"_links":{"self":[{"href":"https:\/\/hogaresnoticia.com.mx\/index.php?rest_route=\/wp\/v2\/posts\/1953","targetHints":{"allow":["GET"]}}],"collection":[{"href":"https:\/\/hogaresnoticia.com.mx\/index.php?rest_route=\/wp\/v2\/posts"}],"about":[{"href":"https:\/\/hogaresnoticia.com.mx\/index.php?rest_route=\/wp\/v2\/types\/post"}],"author":[{"embeddable":true,"href":"https:\/\/hogaresnoticia.com.mx\/index.php?rest_route=\/wp\/v2\/users\/1"}],"replies":[{"embeddable":true,"href":"https:\/\/hogaresnoticia.com.mx\/index.php?rest_route=%2Fwp%2Fv2%2Fcomments&post=1953"}],"version-history":[{"count":0,"href":"https:\/\/hogaresnoticia.com.mx\/index.php?rest_route=\/wp\/v2\/posts\/1953\/revisions"}],"wp:featuredmedia":[{"embeddable":true,"href":"https:\/\/hogaresnoticia.com.mx\/index.php?rest_route=\/wp\/v2\/media\/1954"}],"wp:attachment":[{"href":"https:\/\/hogaresnoticia.com.mx\/index.php?rest_route=%2Fwp%2Fv2%2Fmedia&parent=1953"}],"wp:term":[{"taxonomy":"category","embeddable":true,"href":"https:\/\/hogaresnoticia.com.mx\/index.php?rest_route=%2Fwp%2Fv2%2Fcategories&post=1953"},{"taxonomy":"post_tag","embeddable":true,"href":"https:\/\/hogaresnoticia.com.mx\/index.php?rest_route=%2Fwp%2Fv2%2Ftags&post=1953"}],"curies":[{"name":"wp","href":"https:\/\/api.w.org\/{rel}","templated":true}]}}