{"id":23245,"date":"2022-10-14T06:26:27","date_gmt":"2022-10-14T11:26:27","guid":{"rendered":"https:\/\/hogaresnoticia.com.mx\/?p=23245"},"modified":"2022-10-14T06:29:45","modified_gmt":"2022-10-14T11:29:45","slug":"se-reune-sector-de-los-trabajadores-en-yucatan-para-construir-acuerdos-sobre-el-futuro-del-infonavit","status":"publish","type":"post","link":"https:\/\/hogaresnoticia.com.mx\/?p=23245","title":{"rendered":"Se re\u00fane sector de los trabajadores en Yucat\u00e1n, para construir acuerdos sobre el futuro del Infonavit"},"content":{"rendered":"<p style=\"text-align: justify;\"><span style=\"color: #808080;\"><strong><img loading=\"lazy\" decoding=\"async\" class=\"alignright  wp-image-6583\" src=\"https:\/\/hogaresnoticia.com.mx\/wp-content\/uploads\/2013\/10\/rosa_.jpg\" alt=\"\" width=\"37\" height=\"51\" \/>El objetivo de esta reuni\u00f3n, aseguran, es ofrecer a los congresistas jornadas de informaci\u00f3n elemental sobre las herramientas, instrumentos y f\u00f3rmulas, que es preciso, sepan manejar y aprovechar en beneficio de los derechohabientes.<\/strong><\/span><\/p>\n<div id=\"attachment_23246\" style=\"width: 640px\" class=\"wp-caption aligncenter\"><img loading=\"lazy\" decoding=\"async\" aria-describedby=\"caption-attachment-23246\" class=\"size-full wp-image-23246\" src=\"https:\/\/hogaresnoticia.com.mx\/wp-content\/uploads\/2022\/10\/DST_Congreso-M\u00e9rida.jpg\" alt=\"\" width=\"630\" height=\"293\" srcset=\"https:\/\/hogaresnoticia.com.mx\/wp-content\/uploads\/2022\/10\/DST_Congreso-M\u00e9rida.jpg 630w, https:\/\/hogaresnoticia.com.mx\/wp-content\/uploads\/2022\/10\/DST_Congreso-M\u00e9rida-300x140.jpg 300w\" sizes=\"auto, (max-width: 630px) 100vw, 630px\" \/><p id=\"caption-attachment-23246\" class=\"wp-caption-text\"><strong>EL DIRECTOR sectorial de los trabajadores destac\u00f3 que el objetivo de esta reuni\u00f3n es ofrecer a los congresistas, jornadas de informaci\u00f3n elemental sobre herramientas, instrumentos y f\u00f3rmulas, que es preciso, sepan manejar y aprovechar en beneficio de los derechohabientes. (FOTO: Hogaresnoticia.com)<\/strong><\/p><\/div>\n<p style=\"text-align: justify;\"><a href=\"https:\/\/Twitter.com\/Hogaresnoticia\"><strong>Sa\u00fal Galarza| Hogaresnoticia.com | Enviado | 14\/octubre\/2022 <\/strong><\/a><\/p>\n<p style=\"text-align: justify;\"><span style=\"color: #000000;\"><strong>M\u00e9rida, Yucat\u00e1n.- <\/strong>Con la premisa de reflexionar, discutir y construir acuerdos sobre el futuro del Instituto del Fondo Nacional de la Vivienda para los Trabajadores (Infonavit), el sector de los trabajadores realiz\u00f3 en esta ciudad el <strong>segundo Congreso Nacional de las Comisiones Consultivas Regionales<\/strong>.<\/span><\/p>\n<div id=\"attachment_23247\" style=\"width: 439px\" class=\"wp-caption alignright\"><img loading=\"lazy\" decoding=\"async\" aria-describedby=\"caption-attachment-23247\" class=\" wp-image-23247\" src=\"https:\/\/hogaresnoticia.com.mx\/wp-content\/uploads\/2022\/10\/Mario-Mac\u00edas_M\u00e9rida-300x200.jpg\" alt=\"\" width=\"429\" height=\"286\" srcset=\"https:\/\/hogaresnoticia.com.mx\/wp-content\/uploads\/2022\/10\/Mario-Mac\u00edas_M\u00e9rida-300x200.jpg 300w, https:\/\/hogaresnoticia.com.mx\/wp-content\/uploads\/2022\/10\/Mario-Mac\u00edas_M\u00e9rida-150x100.jpg 150w, https:\/\/hogaresnoticia.com.mx\/wp-content\/uploads\/2022\/10\/Mario-Mac\u00edas_M\u00e9rida.jpg 630w\" sizes=\"auto, (max-width: 429px) 100vw, 429px\" \/><p id=\"caption-attachment-23247\" class=\"wp-caption-text\"><strong>MARIO Mac\u00edas Robles record\u00f3 que la calidad de la vivienda sigue siendo uno de los temas de mayor inter\u00e9s para los trabajadores y quienes dirigen el organismo crediticio. (FOTO: Hogaresnoticia.com)<\/strong><\/p><\/div>\n<p style=\"text-align: justify;\"><span style=\"color: #000000;\">Con la participaci\u00f3n de funcionarios del gobierno federal y dirigentes sindicales, el director Sectorial de los Trabajadores, <strong>Mario Mac\u00edas Robles<\/strong>, record\u00f3 que la <strong>calidad de la vivienda<\/strong> sigue siendo uno de los temas de mayor inter\u00e9s para quienes dan vida a este organismo crediticio y m\u00e1s ahora, con la reforma a la <strong>Ley Org\u00e1nica del Infonavit<\/strong>, aprobada en diciembre del a\u00f1o 2020.<\/span><\/p>\n<p style=\"text-align: justify;\"><span style=\"color: #000000;\">\u201cEs precisamente en el pluralismo sindical, aqu\u00ed representado, donde ha de concebirse el futuro de una instituci\u00f3n que es columna vertebral del modelo de seguridad social en M\u00e9xico, cimentada en una prestaci\u00f3n laboral irrenunciable consagrada en el art\u00edculo 123 constitucional\u201d, dijo.<\/span><\/p>\n<p style=\"text-align: justify;\"><span style=\"color: #000000;\">El director sectorial de los trabajadores destac\u00f3 que el objetivo de esta reuni\u00f3n es ofrecer a los congresistas, jornadas de informaci\u00f3n elemental sobre cuatro herramientas, instrumentos y f\u00f3rmulas, que es preciso, sepan manejar y aprovechar en beneficio de los derechohabientes:<\/span><\/p>\n<p style=\"text-align: justify;\"><span style=\"color: #000000;\">\u201cLa figura del <strong>Asesor Sindical Certificado<\/strong>; el <strong>Modelo de Cobranza Social<\/strong> en todas sus facetas; la operaci\u00f3n del <strong>Portal Mi Cuenta Infonavit<\/strong>; y el manejo b\u00e1sico del llamado \u201c<strong>visor<\/strong>\u201d de las Zonas de Consolidaci\u00f3n Urbana, plataforma tecnol\u00f3gica dise\u00f1ada para hacer aplicables las Nuevas Reglas de Car\u00e1cter General que buscan blindar a la vivienda obrera, para que cuente con acceso pr\u00f3ximo a servicios de salud y educativos, centros de abasto, sitios de deporte o recreaci\u00f3n, fuentes de empleo y servicio de transporte seguro y accesible.\u201d<\/span><\/p>\n<p style=\"text-align: justify;\"><span style=\"color: #000000;\">Mario Mac\u00edas aprovech\u00f3 para reconocer a los empleados del Infonavit que mantuvieron siempre abiertas las puertas de los Centros de Servicio en tiempos de pandemia, as\u00ed como a las \u00e1reas sustantivas para atender las solicitudes de cr\u00e9dito de los derechohabientes, \u201ca riesgo de enfermar o, desgraciadamente, de perder la vida\u201d.<\/span><\/p>\n<p style=\"text-align: justify;\"><span style=\"color: #000000;\">La Direcci\u00f3n Sectorial de los Trabajadores aprovech\u00f3 este congreso para rendir homenaje al senador <strong>Carlos Aceves del Olmo<\/strong>, por \u201csu incansable lucha\u201d a favor de defender el tripartismo de la instituci\u00f3n y por impulsar el acceso de vivienda a los trabajadores.<\/span><\/p>\n<p style=\"text-align: justify;\"><span style=\"color: #000000;\">La ceremonia de inauguraci\u00f3n fue encabezada por la titular de la Secretar\u00eda del Trabajo y Previsi\u00f3n y Social (STPS), <strong>Luisa Mar\u00eda Alcalde<\/strong>, en representaci\u00f3n del presidente <strong>Andr\u00e9s Manuel L\u00f3pez Obrador<\/strong>.<\/span><\/p>\n<p><strong>Esperamos que esta informaci\u00f3n te haya sido de utilidad.<\/strong><\/p>\n<h5><strong>\u00bfTE PARECI\u00d3 INTERESANTE LA INFORMACI\u00d3N? COMP\u00c1RTELA USANDO ESTA\u00a0<\/strong><strong>LIGA: <\/strong><\/h5>\n<p><strong>S\u00edguenos en Twitter:\u00a0<a href=\"http:\/\/twitter.com\/Hogaresnoticia\">@Hogaresnoticia<\/a><\/strong><\/p>\n<p><strong>Quieres estar bien enterado, dale\u00a0<a href=\"http:\/\/www.facebook.com\/pages\/hogaresnoticiacom\/135422876721\">ME GUSTA\u00a0<\/a>a nuestra p\u00e1gina de Facebook<\/strong><\/p>\n\n\n<p><\/p>\n","protected":false},"excerpt":{"rendered":"<p>El objetivo de esta reuni\u00f3n, aseguran, es ofrecer a los congresistas jornadas de informaci\u00f3n elemental sobre las herramientas, instrumentos y f\u00f3rmulas, que es preciso, sepan manejar y aprovechar en beneficio de los derechohabientes. Sa\u00fal Galarza| Hogaresnoticia.com | Enviado | 14\/octubre\/2022 M\u00e9rida, Yucat\u00e1n.- Con la premisa de reflexionar, discutir y construir acuerdos sobre el futuro del<a href=\"https:\/\/hogaresnoticia.com.mx\/?p=23245\">&nbsp;&nbsp;[ Leer m\u00e1s ]<\/a><\/p>\n","protected":false},"author":1,"featured_media":23246,"comment_status":"open","ping_status":"closed","sticky":false,"template":"","format":"standard","meta":{"footnotes":""},"categories":[36,22],"tags":[6169,19,1617,1405],"class_list":["post-23245","post","type-post","status-publish","format-standard","has-post-thumbnail","hentry","category-noticias","category-titulares","tag-congreso-de-los-trabajadores","tag-infonavit","tag-merida","tag-yucatan"],"_links":{"self":[{"href":"https:\/\/hogaresnoticia.com.mx\/index.php?rest_route=\/wp\/v2\/posts\/23245","targetHints":{"allow":["GET"]}}],"collection":[{"href":"https:\/\/hogaresnoticia.com.mx\/index.php?rest_route=\/wp\/v2\/posts"}],"about":[{"href":"https:\/\/hogaresnoticia.com.mx\/index.php?rest_route=\/wp\/v2\/types\/post"}],"author":[{"embeddable":true,"href":"https:\/\/hogaresnoticia.com.mx\/index.php?rest_route=\/wp\/v2\/users\/1"}],"replies":[{"embeddable":true,"href":"https:\/\/hogaresnoticia.com.mx\/index.php?rest_route=%2Fwp%2Fv2%2Fcomments&post=23245"}],"version-history":[{"count":4,"href":"https:\/\/hogaresnoticia.com.mx\/index.php?rest_route=\/wp\/v2\/posts\/23245\/revisions"}],"predecessor-version":[{"id":23251,"href":"https:\/\/hogaresnoticia.com.mx\/index.php?rest_route=\/wp\/v2\/posts\/23245\/revisions\/23251"}],"wp:featuredmedia":[{"embeddable":true,"href":"https:\/\/hogaresnoticia.com.mx\/index.php?rest_route=\/wp\/v2\/media\/23246"}],"wp:attachment":[{"href":"https:\/\/hogaresnoticia.com.mx\/index.php?rest_route=%2Fwp%2Fv2%2Fmedia&parent=23245"}],"wp:term":[{"taxonomy":"category","embeddable":true,"href":"https:\/\/hogaresnoticia.com.mx\/index.php?rest_route=%2Fwp%2Fv2%2Fcategories&post=23245"},{"taxonomy":"post_tag","embeddable":true,"href":"https:\/\/hogaresnoticia.com.mx\/index.php?rest_route=%2Fwp%2Fv2%2Ftags&post=23245"}],"curies":[{"name":"wp","href":"https:\/\/api.w.org\/{rel}","templated":true}]}}