{"id":25152,"date":"2024-09-11T07:36:59","date_gmt":"2024-09-11T13:36:59","guid":{"rendered":"https:\/\/hogaresnoticia.com.mx\/?p=25152"},"modified":"2024-09-11T07:42:38","modified_gmt":"2024-09-11T13:42:38","slug":"cdmx-van-por-regular-renta-a-corto-plazo-en-plataformas-digitales-como-airbnb","status":"publish","type":"post","link":"https:\/\/hogaresnoticia.com.mx\/?p=25152","title":{"rendered":"CDMX: Van por regular renta a corto plazo en plataformas digitales como Airbnb"},"content":{"rendered":"<p style=\"text-align: justify;\"><strong><span style=\"color: #808080;\">El jefe de gobierno capitalino prepara una iniciativa de ley para regular la renta a corto plazo en plataformas digitales; buscan evitar, explic\u00f3 el funcionario, que la vivienda de inter\u00e9s social sea utilizada para esos fines.<\/span><\/strong><\/p>\n<p><img loading=\"lazy\" decoding=\"async\" class=\"aligncenter  wp-image-6154\" src=\"https:\/\/hogaresnoticia.com.mx\/wp-content\/uploads\/2013\/09\/vivienda-usada_balcones.jpg\" alt=\"\" width=\"630\" height=\"367\" srcset=\"https:\/\/hogaresnoticia.com.mx\/wp-content\/uploads\/2013\/09\/vivienda-usada_balcones.jpg 438w, https:\/\/hogaresnoticia.com.mx\/wp-content\/uploads\/2013\/09\/vivienda-usada_balcones-300x174.jpg 300w\" sizes=\"auto, (max-width: 630px) 100vw, 630px\" \/><\/p>\n<p style=\"text-align: justify;\"><a href=\"https:\/\/x.com\/Hogaresnoticia\"><strong>Redacci\u00f3n | Hogaresnoticia.com | 11\/septiembre\/2024<\/strong><\/a><\/p>\n<p style=\"text-align: justify;\"><span style=\"color: #000000;\"><strong>Ciudad de M\u00e9xico<\/strong>.- En los pr\u00f3ximos d\u00edas, el jefe de Gobierno de esta ciudad, Mar<strong>t\u00ed Batres Guadarrama<\/strong>, enviar\u00e1 cinco iniciativas de reforma al Congreso local en materia de <strong>vivienda<\/strong>, <strong>ordenamiento<\/strong>, deporte y bienestar social.<\/span><\/p>\n<p style=\"text-align: justify;\"><span style=\"color: #000000;\">Las reformas se suman a la que envi\u00f3 de manera preferencial el 1 de septiembre, para modificar la <strong>Ley Org\u00e1nica del Poder Ejecutivo<\/strong>, con el objetivo de crear cuatro nuevas secretar\u00edas: de Vivienda; Planeaci\u00f3n, Ordenamiento Territorial y Coordinaci\u00f3n Metropolitana; de Atenci\u00f3n y Participaci\u00f3n Ciudadana; y la de Gesti\u00f3n Integral del Agua.<\/span><\/p>\n<p style=\"text-align: justify;\"><span style=\"color: #000000;\">En materia de habitacional, la propuesta legislativa plantea regular la renta a corto plazo en plataformas digitales como Airbnb, para evitar, por ejemplo, que la vivienda de inter\u00e9s social sea utilizada para estos fines.<\/span><\/p>\n<p style=\"text-align: justify;\"><span style=\"color: #000000;\">\u201cTiene que ver con el uso del espacio de un inmueble, por ejemplo, que un inmueble no pueda dedicarse en su totalidad a renta de tipo Airbnb o de plataformas digitales; entonces, establecer ciertos l\u00edmites al respecto, por poner un ejemplo, tambi\u00e9n una restricci\u00f3n para que la vivienda que es producto de una inversi\u00f3n social p\u00fablica no se pueda dedicar al negocio de la renta digital, al Airbnb, porque hay una inversi\u00f3n p\u00fablica para un bien social en ese caso\u201d, explic\u00f3.<\/span><\/p>\n<p style=\"text-align: justify;\"><span style=\"color: #000000;\">El mandatario local asever\u00f3 que la Secretar\u00eda de Desarrollo Urbano y Vivienda (Seduvi) participa en la preparaci\u00f3n de esta iniciativa, por lo que formula y recaba nuevas propuestas que beneficien a la poblaci\u00f3n y combatan la gentrificaci\u00f3n en algunas zonas de la ciudad.<\/span><\/p>\n<p style=\"text-align: justify;\"><span style=\"color: #000000;\">Otra de las propuestas tiene que ver con la <strong>Ley para la Reconstrucci\u00f3n Integral de la Ciudad de M\u00e9xico<\/strong>; hacer posible que los departamentos de redensificaci\u00f3n, es decir, los que se construyeron para financiar la construcci\u00f3n de edificios da\u00f1ados por los sismos de 2017, puedan venderse o rentar.<\/span><\/p>\n<p style=\"text-align: justify;\"><span style=\"color: #000000;\">La \u201cidea es que no est\u00e9n desgast\u00e1ndose, que no est\u00e9n ociosos, sino que se puedan rentar en tanto no se vendan\u201d, expuso.<\/span><\/p>\n<p style=\"text-align: justify;\"><span style=\"color: #000000;\">Las iniciativas las enviar\u00e1 el funcionario al Congreso local para su discusi\u00f3n y en dado caso, aprobaci\u00f3n en el periodo ordinario de sesiones.<\/span><\/p>\n<p style=\"text-align: justify;\"><span style=\"color: #000000;\">De acuerdo con Informaci\u00f3n publicada en el sitio web de Inside Airbnb, la plataforma cuenta con 26,536 anuncios para rentar una propiedad, de los que 65,7% son casa o departamentos, 32,3% habitaciones privadas, 1,5% habitaciones compartidas y 0,5% habitaciones de hotel.<\/span><\/p>\n<p style=\"text-align: justify;\"><span style=\"color: #000000;\">\u00abAlgunos anfitriones de Airbnb tienen varios anuncios. Un anfitri\u00f3n puede anunciar habitaciones separadas en el mismo apartamento, o varios apartamentos o casas disponibles en su totalidad\u00bb, se destaca en la p\u00e1gina electr\u00f3nica.<\/span><\/p>\n<h5><strong>\u00bfTE PARECI\u00d3 INTERESANTE LA INFORMACI\u00d3N? COMP\u00c1RTELA USANDO ESTA\u00a0<\/strong><strong>LIGA:\u00a0<a href=\"https:\/\/acortar.link\/7qujTG\">https:\/\/acortar.link\/7qujTG<\/a><\/strong><\/h5>\n<h5><strong>S\u00edguenos en Twitter:\u00a0<a href=\"http:\/\/twitter.com\/Hogaresnoticia\">@Hogaresnoticia \/\u00a0<\/a><a href=\"https:\/\/twitter.com\/SaulGalarza\">@SaulGalarza<\/a><\/strong><\/h5>\n<p><strong>Quieres estar bien enterado, dale\u00a0<a href=\"http:\/\/www.facebook.com\/pages\/hogaresnoticiacom\/135422876721\">ME GUSTA\u00a0<\/a>a nuestra p\u00e1gina de Facebook<\/strong><\/p>\n","protected":false},"excerpt":{"rendered":"<p>El jefe de gobierno capitalino prepara una iniciativa de ley para regular la renta a corto plazo en plataformas digitales; buscan evitar, explic\u00f3 el funcionario, que la vivienda de inter\u00e9s social sea utilizada para esos fines. Redacci\u00f3n | Hogaresnoticia.com | 11\/septiembre\/2024 Ciudad de M\u00e9xico.- En los pr\u00f3ximos d\u00edas, el jefe de Gobierno de esta ciudad,<a href=\"https:\/\/hogaresnoticia.com.mx\/?p=25152\">&nbsp;&nbsp;[ Leer m\u00e1s ]<\/a><\/p>\n","protected":false},"author":1,"featured_media":4658,"comment_status":"open","ping_status":"closed","sticky":false,"template":"","format":"standard","meta":{"footnotes":""},"categories":[36,22],"tags":[6086,6511,6135,3730],"class_list":["post-25152","post","type-post","status-publish","format-standard","has-post-thumbnail","hentry","category-noticias","category-titulares","tag-airbnb","tag-ciudad-de-mexico-regulacion-de-ley","tag-marti-batres","tag-vivienda"],"_links":{"self":[{"href":"https:\/\/hogaresnoticia.com.mx\/index.php?rest_route=\/wp\/v2\/posts\/25152","targetHints":{"allow":["GET"]}}],"collection":[{"href":"https:\/\/hogaresnoticia.com.mx\/index.php?rest_route=\/wp\/v2\/posts"}],"about":[{"href":"https:\/\/hogaresnoticia.com.mx\/index.php?rest_route=\/wp\/v2\/types\/post"}],"author":[{"embeddable":true,"href":"https:\/\/hogaresnoticia.com.mx\/index.php?rest_route=\/wp\/v2\/users\/1"}],"replies":[{"embeddable":true,"href":"https:\/\/hogaresnoticia.com.mx\/index.php?rest_route=%2Fwp%2Fv2%2Fcomments&post=25152"}],"version-history":[{"count":4,"href":"https:\/\/hogaresnoticia.com.mx\/index.php?rest_route=\/wp\/v2\/posts\/25152\/revisions"}],"predecessor-version":[{"id":25158,"href":"https:\/\/hogaresnoticia.com.mx\/index.php?rest_route=\/wp\/v2\/posts\/25152\/revisions\/25158"}],"wp:featuredmedia":[{"embeddable":true,"href":"https:\/\/hogaresnoticia.com.mx\/index.php?rest_route=\/wp\/v2\/media\/4658"}],"wp:attachment":[{"href":"https:\/\/hogaresnoticia.com.mx\/index.php?rest_route=%2Fwp%2Fv2%2Fmedia&parent=25152"}],"wp:term":[{"taxonomy":"category","embeddable":true,"href":"https:\/\/hogaresnoticia.com.mx\/index.php?rest_route=%2Fwp%2Fv2%2Fcategories&post=25152"},{"taxonomy":"post_tag","embeddable":true,"href":"https:\/\/hogaresnoticia.com.mx\/index.php?rest_route=%2Fwp%2Fv2%2Ftags&post=25152"}],"curies":[{"name":"wp","href":"https:\/\/api.w.org\/{rel}","templated":true}]}}