{"id":25159,"date":"2024-09-11T16:53:52","date_gmt":"2024-09-11T22:53:52","guid":{"rendered":"https:\/\/hogaresnoticia.com.mx\/?p=25159"},"modified":"2024-09-12T10:15:23","modified_gmt":"2024-09-12T16:15:23","slug":"25159","status":"publish","type":"post","link":"https:\/\/hogaresnoticia.com.mx\/?p=25159","title":{"rendered":"Romero Oropeza, al Infonavit: Claudia Sheinbaum"},"content":{"rendered":"<p><strong>El pol\u00edtico naci\u00f3 el 20 de enero de 1959 en Jalapa, Tabasco. Es ingeniero agr\u00f3nomo y form\u00f3 parte del Movimiento Regeneraci\u00f3n Nacional; tambi\u00e9n fue diputado federal y oficial Mayor del gobierno del Distrito Federal, ahora Ciudad de M\u00e9xico.<\/strong><\/p>\n<div id=\"attachment_25160\" style=\"width: 640px\" class=\"wp-caption aligncenter\"><img loading=\"lazy\" decoding=\"async\" aria-describedby=\"caption-attachment-25160\" class=\"size-full wp-image-25160\" src=\"https:\/\/hogaresnoticia.com.mx\/wp-content\/uploads\/2024\/09\/Octavio-Romero-Oropeza.jpg\" alt=\"\" width=\"630\" height=\"315\" srcset=\"https:\/\/hogaresnoticia.com.mx\/wp-content\/uploads\/2024\/09\/Octavio-Romero-Oropeza.jpg 630w, https:\/\/hogaresnoticia.com.mx\/wp-content\/uploads\/2024\/09\/Octavio-Romero-Oropeza-300x150.jpg 300w\" sizes=\"auto, (max-width: 630px) 100vw, 630px\" \/><p id=\"caption-attachment-25160\" class=\"wp-caption-text\"><strong>EN LA pr\u00f3xima administraci\u00f3n federal Octavio Romero dirigir\u00e1 el Infonavit; antes, tendr\u00e1 que ser aprobado su nombramiento por la Asamblea de ese \u00f3rgano tripartito. (FOTO: Especial \/ Hogaresnoticia.com)<\/strong><\/p><\/div>\n<p><a href=\"https:\/\/x.com\/Hogaresnoticia\"><strong>Sa\u00fal Galarza | Hogaresnoticia.com | 11\/septiembre\/2024<\/strong><\/a><\/p>\n<p><strong>\u00a0<span style=\"color: #000000;\">Ciudad de M\u00e9xico.-<\/span><\/strong><span style=\"color: #000000;\"> La presidenta electa, <strong>Claudia Sheinbaum<\/strong>, dio a conocer en redes sociales la propuesta para que <strong>Octavio Romero Oropeza<\/strong> sea el pr\u00f3ximo director general del Instituto del Fondo Nacional de la Vivienda para los Trabajadores (Infonavit).<\/span><\/p>\n<p><span style=\"color: #000000;\">Romero Oropeza, de 65 a\u00f1os de edad, fue director de Petr\u00f3leos Mexicanos (Pemex) y es considerado uno de los hombres cercanos al presidente <strong>Andr\u00e9s Manuel L\u00f3pez Obrador<\/strong>.<\/span><\/p>\n<p><span style=\"color: #000000;\">El pol\u00edtico naci\u00f3 el 20 de enero de 1959 en Jalapa, Tabasco; es ingeniero agr\u00f3nomo y miembro de del Movimiento Regeneraci\u00f3n Nacional (Morena).<\/span><\/p>\n<p><span style=\"color: #000000;\">Tambi\u00e9n fue diputado federal y oficial Mayor del gobierno del Distrito Federal, ahora Ciudad de M\u00e9xico.<\/span><\/p>\n<p><span style=\"color: #000000;\">Desde el a\u00f1o 2018 ocup\u00f3 el cargo de director General de Petr\u00f3leos de M\u00e9xico (Pemex).<\/span><\/p>\n<p><span style=\"color: #000000;\">En d\u00edas pasados el nombre de Octavio Romero ocup\u00f3 espacios en medios de comunicaci\u00f3n, principalmente escritos, con trascendidos que adelantaban de su nombramiento por parte de la presidenta electa, como futuro director general del Infonavit.<\/span><\/p>\n<p><span style=\"color: #000000;\"><strong>Otros nombramientos<\/strong><\/span><\/p>\n<p><span style=\"color: #000000;\">La presidenta electa dio a conocer la propuesta del futuro titular del Infonavit, por medio de una tarjeta informativa, junto a otras designaciones:<\/span><\/p>\n<p><span style=\"color: #000000;\"><strong>1.- Roc\u00edo B\u00e1rcena Molina<\/strong> fue nombrada como subsecretaria de Desarrollo Democr\u00e1tico, Participaci\u00f3n Social y Asuntos Religiosos de la Secretar\u00eda de Gobernaci\u00f3n.<\/span><\/p>\n<p><span style=\"color: #000000;\"><strong>2.- Mariana Boy Tamborrell<\/strong>, estar\u00e1 al frente de la Procuradur\u00eda Federal de Protecci\u00f3n al Ambiente (Profepa).<\/span><\/p>\n<p><span style=\"color: #000000;\"><strong>3.- Violeta Abreu Gonz\u00e1lez<\/strong> ocupar\u00e1 la Direcci\u00f3n General del Servicio Postal Mexicano (Sepomex).<\/span><\/p>\n<p><span style=\"color: #000000;\"><strong>4.- Renata Turrent Hegewisch<\/strong> ser\u00e1 la directora general de Canal Once.<\/span><\/p>\n<p><span style=\"color: #000000;\"><strong>5.- Roc\u00edo Mej\u00eda Flores<\/strong> se mantiene como directora general de Financiera para el Bienestar (FINABIEN).<\/span><\/p>\n<p><span style=\"color: #000000;\"><strong>6.- Lyndia Quiroz Zavala<\/strong> continuar\u00e1 como directora general del Fondo Nacional de Fomento al Turismo (Fonatur).<\/span><\/p>\n<p><span style=\"color: #000000;\"><strong>7.- C\u00e9sar Iv\u00e1n Escalante Ruiz<\/strong> estar\u00e1 al frente de la Procuradur\u00eda Federal del Consumidor (Profeco).<\/span><\/p>\n<p><span style=\"color: #000000;\"><strong>8.- Efra\u00edn Morales L\u00f3pez<\/strong> ser\u00e1 la cabeza de la Direcci\u00f3n General de la Comisi\u00f3n Nacional del Agua (Conagua).<\/span><\/p>\n<p><span style=\"color: #000000;\">9.- En tanto que <strong>Rommel Pacheco Marrufo <\/strong>ser\u00e1 el director General de la Comisi\u00f3n Nacional de Cultura F\u00edsica y Deporte (Conade).<\/span><\/p>\n<h5><strong>\u00bfTE PARECI\u00d3 INTERESANTE LA INFORMACI\u00d3N? COMP\u00c1RTELA USANDO ESTA\u00a0<\/strong><strong>LIGA:\u00a0<a href=\"https:\/\/bit.ly\/47kATzf\">https:\/\/bit.ly\/47kATzf<\/a><\/strong><\/h5>\n<h5><strong>S\u00edguenos en Twitter:\u00a0<a href=\"http:\/\/twitter.com\/Hogaresnoticia\">@Hogaresnoticia \/\u00a0<\/a><a href=\"https:\/\/twitter.com\/SaulGalarza\">@SaulGalarza<\/a><\/strong><\/h5>\n<p><strong>Quieres estar bien enterado, dale\u00a0<a href=\"http:\/\/www.facebook.com\/pages\/hogaresnoticiacom\/135422876721\">ME GUSTA\u00a0<\/a>a nuestra p\u00e1gina de Facebook<\/strong><\/p>\n\n\n<p><\/p>\n","protected":false},"excerpt":{"rendered":"<p>El pol\u00edtico naci\u00f3 el 20 de enero de 1959 en Jalapa, Tabasco. Es ingeniero agr\u00f3nomo y form\u00f3 parte del Movimiento Regeneraci\u00f3n Nacional; tambi\u00e9n fue diputado federal y oficial Mayor del gobierno del Distrito Federal, ahora Ciudad de M\u00e9xico. Sa\u00fal Galarza | Hogaresnoticia.com | 11\/septiembre\/2024 \u00a0Ciudad de M\u00e9xico.- La presidenta electa, Claudia Sheinbaum, dio a conocer<a href=\"https:\/\/hogaresnoticia.com.mx\/?p=25159\">&nbsp;&nbsp;[ Leer m\u00e1s ]<\/a><\/p>\n","protected":false},"author":1,"featured_media":25160,"comment_status":"open","ping_status":"closed","sticky":false,"template":"","format":"standard","meta":{"footnotes":""},"categories":[36,22],"tags":[19,6512],"class_list":["post-25159","post","type-post","status-publish","format-standard","has-post-thumbnail","hentry","category-noticias","category-titulares","tag-infonavit","tag-octavio-romero-oropeza"],"_links":{"self":[{"href":"https:\/\/hogaresnoticia.com.mx\/index.php?rest_route=\/wp\/v2\/posts\/25159","targetHints":{"allow":["GET"]}}],"collection":[{"href":"https:\/\/hogaresnoticia.com.mx\/index.php?rest_route=\/wp\/v2\/posts"}],"about":[{"href":"https:\/\/hogaresnoticia.com.mx\/index.php?rest_route=\/wp\/v2\/types\/post"}],"author":[{"embeddable":true,"href":"https:\/\/hogaresnoticia.com.mx\/index.php?rest_route=\/wp\/v2\/users\/1"}],"replies":[{"embeddable":true,"href":"https:\/\/hogaresnoticia.com.mx\/index.php?rest_route=%2Fwp%2Fv2%2Fcomments&post=25159"}],"version-history":[{"count":10,"href":"https:\/\/hogaresnoticia.com.mx\/index.php?rest_route=\/wp\/v2\/posts\/25159\/revisions"}],"predecessor-version":[{"id":25179,"href":"https:\/\/hogaresnoticia.com.mx\/index.php?rest_route=\/wp\/v2\/posts\/25159\/revisions\/25179"}],"wp:featuredmedia":[{"embeddable":true,"href":"https:\/\/hogaresnoticia.com.mx\/index.php?rest_route=\/wp\/v2\/media\/25160"}],"wp:attachment":[{"href":"https:\/\/hogaresnoticia.com.mx\/index.php?rest_route=%2Fwp%2Fv2%2Fmedia&parent=25159"}],"wp:term":[{"taxonomy":"category","embeddable":true,"href":"https:\/\/hogaresnoticia.com.mx\/index.php?rest_route=%2Fwp%2Fv2%2Fcategories&post=25159"},{"taxonomy":"post_tag","embeddable":true,"href":"https:\/\/hogaresnoticia.com.mx\/index.php?rest_route=%2Fwp%2Fv2%2Ftags&post=25159"}],"curies":[{"name":"wp","href":"https:\/\/api.w.org\/{rel}","templated":true}]}}