{"id":25999,"date":"2025-04-28T21:10:09","date_gmt":"2025-04-29T03:10:09","guid":{"rendered":"https:\/\/hogaresnoticia.com.mx\/?p=25999"},"modified":"2025-04-28T21:19:46","modified_gmt":"2025-04-29T03:19:46","slug":"atendera-gobierno-federal-con-vivienda-a-la-poblacion-historicamente-discriminada","status":"publish","type":"post","link":"https:\/\/hogaresnoticia.com.mx\/?p=25999","title":{"rendered":"Atender\u00e1 gobierno federal con vivienda, a la \u201cpoblaci\u00f3n hist\u00f3ricamente discriminada\u201d"},"content":{"rendered":"<p style=\"text-align: justify;\"><span style=\"color: #808080;\"><strong>Buscan garantizar el derecho humano a una vivienda adecuada, por medio de la coordinaci\u00f3n interinstitucional y con especial atenci\u00f3n a la poblaci\u00f3n hist\u00f3ricamente discriminada, con un enfoque de Derechos Humanos.<\/strong><\/span><\/p>\n<div id=\"attachment_26003\" style=\"width: 640px\" class=\"wp-caption aligncenter\"><img loading=\"lazy\" decoding=\"async\" aria-describedby=\"caption-attachment-26003\" class=\"size-full wp-image-26003\" src=\"https:\/\/hogaresnoticia.com.mx\/wp-content\/uploads\/2025\/04\/Familia_Piso-Firme_Foto-Gobierno-de-Mexico.jpg\" alt=\"\" width=\"630\" height=\"420\" srcset=\"https:\/\/hogaresnoticia.com.mx\/wp-content\/uploads\/2025\/04\/Familia_Piso-Firme_Foto-Gobierno-de-Mexico.jpg 630w, https:\/\/hogaresnoticia.com.mx\/wp-content\/uploads\/2025\/04\/Familia_Piso-Firme_Foto-Gobierno-de-Mexico-300x200.jpg 300w, https:\/\/hogaresnoticia.com.mx\/wp-content\/uploads\/2025\/04\/Familia_Piso-Firme_Foto-Gobierno-de-Mexico-150x100.jpg 150w\" sizes=\"auto, (max-width: 630px) 100vw, 630px\" \/><p id=\"caption-attachment-26003\" class=\"wp-caption-text\"><strong>FOTO: Archivo -Gobierno de M\u00e9xico \/ Hogaresnoticia.com<\/strong><\/p><\/div>\n<p style=\"text-align: justify;\"><a href=\"https:\/\/x.com\/Hogaresnoticia\"><strong>Redacci\u00f3n | Hogaresnoticia.com | 28\/abril\/2025<\/strong><\/a><\/p>\n<p style=\"text-align: justify;\"><span style=\"color: #000000;\"><strong>Ciudad de M\u00e9xico<\/strong>.- La \u201cpoblaci\u00f3n hist\u00f3ricamente discriminada\u201d tendr\u00e1 especial atenci\u00f3n en materia habitacional, a partir de los lineamientos que se establezcan en el <strong>Programa Nacional de Vivienda <\/strong>(PNV)<strong> 2025-2030<\/strong>, dijo la titular de la Secretar\u00eda de Desarrollo Agrario, Territorial y Urbano (Sedatu), <strong>Edna Vega Rangel<\/strong>.<\/span><\/p>\n<p style=\"text-align: justify;\"><span style=\"color: #000000;\">El pasado 24 de abril se realiz\u00f3 la primera sesi\u00f3n ordinaria 2025 del <strong>Consejo Nacional de Vivienda<\/strong>. All\u00ed se aprob\u00f3 el inicio de la elaboraci\u00f3n del PNV que se basar\u00e1 en cuatro ejes prioritarios en la materia, entre los que destacan el enfoque basado en Derechos Humanos.<\/span><\/p>\n<p style=\"text-align: justify;\"><span style=\"color: #000000;\">Los cuatro ejes del Programa Nacional de Vivienda son: la coordinaci\u00f3n institucional; mecanismos de financiamiento adecuados; marco normativo con EBDD y un ordenamiento territorial justo y sustentable.<\/span><\/p>\n<p style=\"text-align: justify;\"><span style=\"color: #000000;\">De acuerdo con Edna Vega, el consejo permitir\u00e1 consolidar un nuevo referente en materia de pol\u00edtica habitacional en M\u00e9xico y destac\u00f3 que el objetivo del nuevo PNV es garantizar el derecho humano a una vivienda adecuada mediante la coordinaci\u00f3n interinstitucional, con especial atenci\u00f3n a la poblaci\u00f3n \u201chist\u00f3ricamente discriminada\u201d y con un enfoque de Derechos Humanos.<\/span><\/p>\n<p style=\"text-align: justify;\"><span style=\"color: #000000;\">\u201cConsideramos que debe construirse un mundo diferente en materia de vivienda, el objetivo es que las y los mexicanos m\u00e1s desprotegidos accedan a una vivienda adecuada en todos los rincones del pa\u00eds y es en lo que nos estamos enfocando\u201d, dijo.<\/span><\/p>\n<p style=\"text-align: justify;\"><span style=\"color: #000000;\">La directora general de Pol\u00edtica de Vivienda de la Sedatu, <strong>Circe D\u00edaz Duarte<\/strong>, reforz\u00f3 las declaraciones de la secretaria Edna Vega, al asegurar que la elaboraci\u00f3n del PNV tendr\u00e1 especial atenci\u00f3n en la poblaci\u00f3n hist\u00f3ricamente discriminada y a\u00f1adi\u00f3 que la Sedatu, la Comisi\u00f3n Nacional de Vivienda (Conavi), el Instituto Nacional del Suelo Sustentable (Insus) y los Organismos Nacionales de Vivienda (Onavis) unir\u00e1n esfuerzos con gobiernos estatales y municipales para atender de forma integral las necesidades de vivienda.<\/span><\/p>\n<p style=\"text-align: justify;\"><span style=\"color: #000000;\">Circe D\u00edaz tambi\u00e9n dio a conocer que se realizar\u00e1n tres foros de participaci\u00f3n ciudadana como parte de la <strong>Agenda Territorial Participativa de la Sedatu<\/strong>, donde buscar\u00e1n insumos para el Programa Nacional de Vivienda 2025-2030 en tres estados de la rep\u00fablica. En CDMX se realizar\u00e1 el 30 de abril; en M\u00e9rida, Yucat\u00e1n el 22 de mayo; y en La Paz, Baja California Sur, el 5 de junio.<\/span><\/p>\n<h5><strong>\u00bfTE PARECI\u00d3 INTERESANTE LA INFORMACI\u00d3N? COMP\u00c1RTELA USANDO ESTA\u00a0<\/strong><strong>LIGA:\u00a0<a href=\"https:\/\/hogaresnoticia.com.mx\/?p=25999\">https:\/\/hogaresnoticia.com.mx\/?p=25999<\/a><\/strong><\/h5>\n<p><strong>S\u00edguenos en Twitter:\u00a0<a href=\"http:\/\/twitter.com\/Hogaresnoticia\">@Hogaresnoticia \/\u00a0<\/a><a href=\"https:\/\/twitter.com\/SaulGalarza\">@SaulGalarza<\/a><\/strong><\/p>\n<p><strong>Quieres estar bien enterado, dale\u00a0<a href=\"http:\/\/www.facebook.com\/pages\/hogaresnoticiacom\/135422876721\">ME GUSTA\u00a0<\/a>a nuestra p\u00e1gina de Facebook<\/strong><\/p>\n","protected":false},"excerpt":{"rendered":"<p>Buscan garantizar el derecho humano a una vivienda adecuada, por medio de la coordinaci\u00f3n interinstitucional y con especial atenci\u00f3n a la poblaci\u00f3n hist\u00f3ricamente discriminada, con un enfoque de Derechos Humanos. Redacci\u00f3n | Hogaresnoticia.com | 28\/abril\/2025 Ciudad de M\u00e9xico.- La \u201cpoblaci\u00f3n hist\u00f3ricamente discriminada\u201d tendr\u00e1 especial atenci\u00f3n en materia habitacional, a partir de los lineamientos que se<a href=\"https:\/\/hogaresnoticia.com.mx\/?p=25999\">&nbsp;&nbsp;[ Leer m\u00e1s ]<\/a><\/p>\n","protected":false},"author":1,"featured_media":26003,"comment_status":"open","ping_status":"closed","sticky":false,"template":"","format":"standard","meta":{"footnotes":""},"categories":[36,22],"tags":[2716,4799,777],"class_list":["post-25999","post","type-post","status-publish","format-standard","has-post-thumbnail","hentry","category-noticias","category-titulares","tag-derechos-humanos","tag-edna-vega-rangel","tag-sedatu"],"_links":{"self":[{"href":"https:\/\/hogaresnoticia.com.mx\/index.php?rest_route=\/wp\/v2\/posts\/25999","targetHints":{"allow":["GET"]}}],"collection":[{"href":"https:\/\/hogaresnoticia.com.mx\/index.php?rest_route=\/wp\/v2\/posts"}],"about":[{"href":"https:\/\/hogaresnoticia.com.mx\/index.php?rest_route=\/wp\/v2\/types\/post"}],"author":[{"embeddable":true,"href":"https:\/\/hogaresnoticia.com.mx\/index.php?rest_route=\/wp\/v2\/users\/1"}],"replies":[{"embeddable":true,"href":"https:\/\/hogaresnoticia.com.mx\/index.php?rest_route=%2Fwp%2Fv2%2Fcomments&post=25999"}],"version-history":[{"count":4,"href":"https:\/\/hogaresnoticia.com.mx\/index.php?rest_route=\/wp\/v2\/posts\/25999\/revisions"}],"predecessor-version":[{"id":26005,"href":"https:\/\/hogaresnoticia.com.mx\/index.php?rest_route=\/wp\/v2\/posts\/25999\/revisions\/26005"}],"wp:featuredmedia":[{"embeddable":true,"href":"https:\/\/hogaresnoticia.com.mx\/index.php?rest_route=\/wp\/v2\/media\/26003"}],"wp:attachment":[{"href":"https:\/\/hogaresnoticia.com.mx\/index.php?rest_route=%2Fwp%2Fv2%2Fmedia&parent=25999"}],"wp:term":[{"taxonomy":"category","embeddable":true,"href":"https:\/\/hogaresnoticia.com.mx\/index.php?rest_route=%2Fwp%2Fv2%2Fcategories&post=25999"},{"taxonomy":"post_tag","embeddable":true,"href":"https:\/\/hogaresnoticia.com.mx\/index.php?rest_route=%2Fwp%2Fv2%2Ftags&post=25999"}],"curies":[{"name":"wp","href":"https:\/\/api.w.org\/{rel}","templated":true}]}}