{"id":26203,"date":"2025-07-04T20:13:01","date_gmt":"2025-07-05T02:13:01","guid":{"rendered":"https:\/\/hogaresnoticia.com.mx\/?p=26203"},"modified":"2025-07-04T20:13:29","modified_gmt":"2025-07-05T02:13:29","slug":"esto-dicen-diputados-respecto-a-la-propuesta-de-legalizar-viviendas-invadidas-en-el-infonavit","status":"publish","type":"post","link":"https:\/\/hogaresnoticia.com.mx\/?p=26203","title":{"rendered":"Esto dicen diputados, respecto a la propuesta de legalizar viviendas invadidas en el Infonavit"},"content":{"rendered":"<p style=\"text-align: justify;\"><span style=\"color: #808080;\"><strong>Los legisladores se han pronunciado a favor o contra, seg\u00fan el partido para el que militan; desde el rechazo hasta la justificaci\u00f3n, esto opinan los diputados federales, de regularizar las viviendas ocupadas por un tercero, mediante un esquema de arrendamiento social con opci\u00f3n a compra.<\/strong><\/span><\/p>\n<div id=\"attachment_6473\" style=\"width: 522px\" class=\"wp-caption aligncenter\"><img loading=\"lazy\" decoding=\"async\" aria-describedby=\"caption-attachment-6473\" class=\"size-full wp-image-6473\" src=\"https:\/\/hogaresnoticia.com.mx\/wp-content\/uploads\/2013\/10\/camara-de-diputados.jpg\" alt=\"\" width=\"512\" height=\"282\" srcset=\"https:\/\/hogaresnoticia.com.mx\/wp-content\/uploads\/2013\/10\/camara-de-diputados.jpg 512w, https:\/\/hogaresnoticia.com.mx\/wp-content\/uploads\/2013\/10\/camara-de-diputados-300x165.jpg 300w\" sizes=\"auto, (max-width: 512px) 100vw, 512px\" \/><p id=\"caption-attachment-6473\" class=\"wp-caption-text\"><strong>FOTO: Archivo Hogaresnoticia.com<\/strong><\/p><\/div>\n<p style=\"text-align: justify;\"><a href=\"https:\/\/.com\/Hogaresnoticia\"><strong>Redacci\u00f3n | Hogaresnoticia.com | 04\/julio\/2025<\/strong><\/a><\/p>\n<p style=\"text-align: justify;\"><span style=\"color: #000000;\"><strong>Ciudad de M\u00e9xico<\/strong>.- En medio de la controversia que gener\u00f3 la propuesta de impulsar en el Instituto del Fondo Nacional de la Vivienda para los Trabajadores (Infonavit) un programa que permita regularizar las viviendas que fueron previamente invadidas, integrantes de la Comisi\u00f3n de Vivienda de la C\u00e1mara de Diputados plantearon su opini\u00f3n al respecto.<\/span><\/p>\n<p style=\"text-align: justify;\"><span style=\"color: #000000;\">La diputada federal, por Partido Acci\u00f3n Nacional (PAN), <strong>Mar\u00eda Lorena Garc\u00eda Jimeno Alcocer<\/strong>, manifest\u00f3 su rechazo a la propuesta anunciada en d\u00edas pasados por el director General del Infonavit, <strong>Octavio Romero Oropeza<\/strong>, de permitir a invasores quedarse con las propiedades.<\/span><\/p>\n<p style=\"text-align: justify;\"><span style=\"color: #000000;\">Consider\u00f3 que esta idea pone en riesgo la legalidad, la propiedad privada y el esfuerzo de millones de trabajadores.<\/span><\/p>\n<p style=\"text-align: justify;\"><span style=\"color: #000000;\">Es un quebranto para ese organismo, adem\u00e1s de que promueve la ocupaci\u00f3n ilegal, advirti\u00f3 la legisladora.<\/span><\/p>\n<p style=\"text-align: justify;\"><span style=\"color: #000000;\">La diputada por el Partido del Trabajo (PT), <strong>Lilia Aguilar Gil<\/strong>, expuso que el programa antes mencionado tiene que ver con un cambio de paradigma de la vivienda y acot\u00f3 que es un derecho y no una mercanc\u00eda.<\/span><\/p>\n<p style=\"text-align: justify;\"><span style=\"color: #000000;\">Explic\u00f3 que existe una normatividad que hay que cumplir para obtener el derecho de una casa y facilitar el camino burocr\u00e1tico a todos estos trabajadores.<\/span><\/p>\n<p style=\"text-align: justify;\"><span style=\"color: #000000;\">En tanto, el diputado tambi\u00e9n por Morena, <strong>Jos\u00e9 Alejandro Pe\u00f1a Villa<\/strong>, plante\u00f3 que la propuesta solo garantiza un cambio en la forma de asignar y otorgar cr\u00e9ditos a favor de los derechohabientes.<\/span><\/p>\n<p style=\"text-align: justify;\"><span style=\"color: #000000;\">Subray\u00f3 que en las leyes aprobadas \u201chay derechos y obligaciones y que todo est\u00e1 establecido en la ley\u201d.<\/span><\/p>\n<p style=\"text-align: justify;\"><span style=\"color: #000000;\">Vale recordar que el sector empresarial tambi\u00e9n ha fijado su posici\u00f3n, respecto a la propuesta anunciada por el director del Infonavit sobre regularizar viviendas invadidas, mediante esquemas de arrendamiento con opci\u00f3n a compra, a precios subsidiados.<\/span><\/p>\n<p style=\"text-align: justify;\"><span style=\"color: #000000;\">Esta medida, aseguran, contradice el mandato legal del Instituto y amenaza con institucionalizar la ilegalidad, poniendo en riesgo los ahorros de millones de trabajadores que aportan a este fondo.<\/span><\/p>\n<p style=\"text-align: justify;\"><span style=\"color: #000000;\">Argumentan que el Infonavit fue creado para proteger el patrimonio de los trabajadores, \u201cno para avalar ocupaciones irregulares, ni convertir en beneficiarios a quienes han tomado inmuebles que no les pertenecen\u201d.<\/span><\/p>\n<h5><strong>\u00bfTE PARECI\u00d3 INTERESANTE LA INFORMACI\u00d3N? COMP\u00c1RTELA USANDO ESTA\u00a0<\/strong><strong>LIGA:\u00a0<a href=\"https:\/\/hogaresnoticia.com.mx\/?p=26203\">https:\/\/hogaresnoticia.com.mx\/?p=26203<\/a><\/strong><\/h5>\n<p><strong>S\u00edguenos en Twitter:\u00a0<a href=\"http:\/\/twitter.com\/Hogaresnoticia\">@Hogaresnoticia \/\u00a0<\/a><a href=\"https:\/\/twitter.com\/SaulGalarza\">@SaulGalarza<\/a><\/strong><\/p>\n<p><strong>Quieres estar bien enterado, dale\u00a0<a href=\"http:\/\/www.facebook.com\/pages\/hogaresnoticiacom\/135422876721\">ME GUSTA\u00a0<\/a>a nuestra p\u00e1gina de Facebook<\/strong><\/p>\n","protected":false},"excerpt":{"rendered":"<p>Los legisladores se han pronunciado a favor o contra, seg\u00fan el partido para el que militan; desde el rechazo hasta la justificaci\u00f3n, esto opinan los diputados federales, de regularizar las viviendas ocupadas por un tercero, mediante un esquema de arrendamiento social con opci\u00f3n a compra. Redacci\u00f3n | Hogaresnoticia.com | 04\/julio\/2025 Ciudad de M\u00e9xico.- En medio<a href=\"https:\/\/hogaresnoticia.com.mx\/?p=26203\">&nbsp;&nbsp;[ Leer m\u00e1s ]<\/a><\/p>\n","protected":false},"author":1,"featured_media":6473,"comment_status":"open","ping_status":"closed","sticky":false,"template":"","format":"standard","meta":{"footnotes":""},"categories":[36],"tags":[3124,19,6735],"class_list":["post-26203","post","type-post","status-publish","format-standard","has-post-thumbnail","hentry","category-noticias","tag-camara-de-diputados","tag-infonavit","tag-regularizar-viviendas-invadidas"],"_links":{"self":[{"href":"https:\/\/hogaresnoticia.com.mx\/index.php?rest_route=\/wp\/v2\/posts\/26203","targetHints":{"allow":["GET"]}}],"collection":[{"href":"https:\/\/hogaresnoticia.com.mx\/index.php?rest_route=\/wp\/v2\/posts"}],"about":[{"href":"https:\/\/hogaresnoticia.com.mx\/index.php?rest_route=\/wp\/v2\/types\/post"}],"author":[{"embeddable":true,"href":"https:\/\/hogaresnoticia.com.mx\/index.php?rest_route=\/wp\/v2\/users\/1"}],"replies":[{"embeddable":true,"href":"https:\/\/hogaresnoticia.com.mx\/index.php?rest_route=%2Fwp%2Fv2%2Fcomments&post=26203"}],"version-history":[{"count":2,"href":"https:\/\/hogaresnoticia.com.mx\/index.php?rest_route=\/wp\/v2\/posts\/26203\/revisions"}],"predecessor-version":[{"id":26205,"href":"https:\/\/hogaresnoticia.com.mx\/index.php?rest_route=\/wp\/v2\/posts\/26203\/revisions\/26205"}],"wp:featuredmedia":[{"embeddable":true,"href":"https:\/\/hogaresnoticia.com.mx\/index.php?rest_route=\/wp\/v2\/media\/6473"}],"wp:attachment":[{"href":"https:\/\/hogaresnoticia.com.mx\/index.php?rest_route=%2Fwp%2Fv2%2Fmedia&parent=26203"}],"wp:term":[{"taxonomy":"category","embeddable":true,"href":"https:\/\/hogaresnoticia.com.mx\/index.php?rest_route=%2Fwp%2Fv2%2Fcategories&post=26203"},{"taxonomy":"post_tag","embeddable":true,"href":"https:\/\/hogaresnoticia.com.mx\/index.php?rest_route=%2Fwp%2Fv2%2Ftags&post=26203"}],"curies":[{"name":"wp","href":"https:\/\/api.w.org\/{rel}","templated":true}]}}