{"id":26206,"date":"2025-07-07T19:07:24","date_gmt":"2025-07-08T01:07:24","guid":{"rendered":"https:\/\/hogaresnoticia.com.mx\/?p=26206"},"modified":"2025-07-07T19:09:05","modified_gmt":"2025-07-08T01:09:05","slug":"por-gentrificacion-gobierno-federal-y-de-la-cdmx-se-unen-para-regular-costos-de-vivienda","status":"publish","type":"post","link":"https:\/\/hogaresnoticia.com.mx\/?p=26206","title":{"rendered":"Por gentrificaci\u00f3n, gobierno federal y de la CDMX trabajar\u00e1n para regular costos de vivienda"},"content":{"rendered":"<p style=\"text-align: justify;\"><span style=\"color: #808080;\"><strong>La gentrificaci\u00f3n \u201ces en realidad un tema de especulaci\u00f3n inmobiliaria, derivado principalmente de la renta de departamentos por medio de plataformas digitales para turismo o para personas que vienen a vivir a M\u00e9xico, tres, cuatro o cinco meses\u201d, se\u00f1al\u00f3 Claudia Sheinbaum en su conferencia de prensa de este lunes.<\/strong><\/span><\/p>\n<div id=\"attachment_14681\" style=\"width: 640px\" class=\"wp-caption aligncenter\"><img loading=\"lazy\" decoding=\"async\" aria-describedby=\"caption-attachment-14681\" class=\"size-full wp-image-14681\" src=\"https:\/\/hogaresnoticia.com.mx\/wp-content\/uploads\/2017\/01\/Colonia-Roma-660x330.jpg\" alt=\"\" width=\"630\" height=\"315\" srcset=\"https:\/\/hogaresnoticia.com.mx\/wp-content\/uploads\/2017\/01\/Colonia-Roma-660x330.jpg 630w, https:\/\/hogaresnoticia.com.mx\/wp-content\/uploads\/2017\/01\/Colonia-Roma-660x330-300x150.jpg 300w\" sizes=\"auto, (max-width: 630px) 100vw, 630px\" \/><p id=\"caption-attachment-14681\" class=\"wp-caption-text\"><strong>FOTO : Tomada de la Agencia de Gesti\u00f3n Urbana de la Ciudad de M\u00e9xico &#8211; CDMX \/ Hogaresnoticia.com<\/strong><\/p><\/div>\n<p style=\"text-align: justify;\"><a href=\"https:\/\/x.com\/Hogaresnoticia\"><strong>Redacci\u00f3n | Hogaresnoticia.com | 07\/Julio\/2025<\/strong><\/a><\/p>\n<p style=\"text-align: justify;\"><span style=\"color: #000000;\"><strong>Ciudad de M\u00e9xico<\/strong>.- Luego de manifestar su rechazo a los actos de violencia y de vandalismo que se generaron en protesta por el fen\u00f3meno de la gentrificaci\u00f3n, la presidenta <strong>Claudia Sheinbaum<\/strong> y la jefa de gobierno capitalino, <strong>Clara Brugada<\/strong>, informaron por separado que tomar\u00e1n cartas en el asunto para garantizar el derecho a la vivienda y evitar la expulsi\u00f3n de comunidades originarias de sus barrios.<\/span><\/p>\n<p style=\"text-align: justify;\"><span style=\"color: #000000;\">El gobierno federal apoyar\u00e1 al de la Ciudad de M\u00e9xico para buscar mecanismos que permitan regular el costo de vivienda en zonas donde se ha intensificado la gentrificaci\u00f3n, como la Condesa y la Roma.<\/span><\/p>\n<p style=\"text-align: justify;\"><span style=\"color: #000000;\">Claudia Sheinbaum destac\u00f3 en su conferencia de prensa matutina que la gentrificaci\u00f3n es en realidad un tema de especulaci\u00f3n inmobiliaria, consecuencia de la renta de departamentos por medio de plataformas digitales para turismo o para personas que vienen a vivir a M\u00e9xico, tres, cuatro o cinco meses.<\/span><\/p>\n<p style=\"text-align: justify;\"><span style=\"color: #000000;\">\u201cFue un fen\u00f3meno que se dio despu\u00e9s de la pandemia, los llamados con n\u00f3madas digitales: mucha gente que sigue trabajando a distancia de otros pa\u00edses del mundo, muchos de ellos estadounidenses que vienen a M\u00e9xico\u201d, expuso.<\/span><\/p>\n<p style=\"text-align: justify;\"><span style=\"color: #000000;\">Dijo que como gobierno federal apoyar\u00e1n v\u00eda la Secretar\u00eda de Desarrollo Agrario, Territorial y urbano (Sedatu) a la ciudad de M\u00e9xico, mediante mecanismos de regulaci\u00f3n para que no se encarezca la vida en estos lugares.<\/span><\/p>\n<p style=\"text-align: justify;\"><span style=\"color: #000000;\">\u201cPorque en efecto, particularmente (en las colonias) La Condesa y La Roma ya hay mucha especulaci\u00f3n inmobiliaria derivada de la renta de <strong>Airbnb<\/strong> y todas estas plataformas digitales que rentan espacios. Digo esta marca, pero hay muchas otras plataformas\u201d, abund\u00f3.<\/span><\/p>\n<p style=\"text-align: justify;\"><span style=\"color: #000000;\">Subray\u00f3 que no puede ser el encarecimiento de la Ciudad. \u201cY menos lo que se llama la gentrificaci\u00f3n, que es expulsar a las personas que han vivido ah\u00ed por a\u00f1os y a\u00f1os, y que la carest\u00eda de la zona acaba por expulsarlos del lugar.<\/span><\/p>\n<p style=\"text-align: justify;\"><span style=\"color: #000000;\">\u201cTiene que haber inclusi\u00f3n, siempre; no es tolerancia, es inclusi\u00f3n, nosotros somos una sociedad incluyente\u201d, asever\u00f3 la primer mandataria.<\/span><\/p>\n<p style=\"text-align: justify;\"><span style=\"color: #000000;\">La jefa de gobierno de la Ciudad de M\u00e9xico, Clara Brugada, dijo que su gobierno se ha enfocado en garantizar el derecho a la vivienda y el arraigo comunitario, por medio de una pol\u00edtica de vivienda que impulsa la construcci\u00f3n de habitaci\u00f3n popular en zonas afectadas por la gentrificaci\u00f3n, como una alternativa asequible para familias de escasos recursos.<\/span><\/p>\n<p style=\"text-align: justify;\"><span style=\"color: #000000;\">\u201cDesde el gobierno capitalino hacemos un llamado a toda la ciudadan\u00eda a debatir de forma respetuosa e informada lo que implica el desarrollo de la gentrificaci\u00f3n en nuestra ciudad y en el contexto internacional, como fen\u00f3meno urbano que restringe el derecho humano a la vivienda; as\u00ed como a proponer soluciones viables a este tema\u201d, puntualiz\u00f3.<\/span><\/p>\n<p style=\"text-align: justify;\"><span style=\"color: #000000;\">Hizo un llamado a los capitalinos a discutir y plantear propuestas que garanticen manifestaciones o protestas pac\u00edficas, sin violencia que permitan seguir construir una ciudad plenamente democr\u00e1tica.<\/span><\/p>\n<p style=\"text-align: justify;\"><span style=\"color: #000000;\">Los \u201ccapitalinos estamos llamados a preservar la Ciudad de M\u00e9xico como un espacio de derechos y libertades, donde convivan el derecho a la protesta y la garant\u00eda de la no violencia\u201d, abund\u00f3.<\/span><\/p>\n<p style=\"text-align: justify;\"><span style=\"color: #000000;\">Vale recordar que el pasado 4 de julio decenas de personas se reunieron en el Parque M\u00e9xico para exigir vivienda digna y frenar el desplazamiento de residentes por el alza en las rentas. La protesta se extendi\u00f3 por calles de las colonias La Condesa y La Roma, hasta llegar al Metro Chapultepec.<\/span><\/p>\n<p style=\"text-align: justify;\"><span style=\"color: #000000;\">En la marcha y al grito de \u201cfuera gringos\u201d, un grupo de personas aprovech\u00f3 para da\u00f1ar comercios, al tiempo que hac\u00edan pintas con aerosol y lanzaban objetos.<\/span><\/p>\n<p style=\"text-align: justify;\"><span style=\"color: #000000;\">Los vecinos de la zona exigieron que se frenen los desalojos y se proteja la vida barrial en colonias como La Condesa, La Ju\u00e1rez, La Roma y Centro. Pidieron que se regularice el turismo inmobiliario y las plataformas de renta vacacional o de ocasi\u00f3n en la Ciudad de M\u00e9xico.<\/span><\/p>\n<h5><strong>\u00bfTE PARECI\u00d3 INTERESANTE LA INFORMACI\u00d3N? COMP\u00c1RTELA USANDO ESTA\u00a0<\/strong><strong>LIGA:\u00a0<a href=\"https:\/\/hogaresnoticia.com.mx\/?p=26206\">https:\/\/hogaresnoticia.com.mx\/?p=26206<\/a><\/strong><\/h5>\n<p><strong>S\u00edguenos en Twitter:\u00a0<a href=\"http:\/\/twitter.com\/Hogaresnoticia\">@Hogaresnoticia \/\u00a0<\/a><a href=\"https:\/\/twitter.com\/SaulGalarza\">@SaulGalarza<\/a><\/strong><\/p>\n<p><strong>Quieres estar bien enterado, dale\u00a0<a href=\"http:\/\/www.facebook.com\/pages\/hogaresnoticiacom\/135422876721\">ME GUSTA\u00a0<\/a>a nuestra p\u00e1gina de Facebook<\/strong><\/p>\n","protected":false},"excerpt":{"rendered":"<p>La gentrificaci\u00f3n \u201ces en realidad un tema de especulaci\u00f3n inmobiliaria, derivado principalmente de la renta de departamentos por medio de plataformas digitales para turismo o para personas que vienen a vivir a M\u00e9xico, tres, cuatro o cinco meses\u201d, se\u00f1al\u00f3 Claudia Sheinbaum en su conferencia de prensa de este lunes. Redacci\u00f3n | Hogaresnoticia.com | 07\/Julio\/2025 Ciudad<a href=\"https:\/\/hogaresnoticia.com.mx\/?p=26206\">&nbsp;&nbsp;[ Leer m\u00e1s ]<\/a><\/p>\n","protected":false},"author":1,"featured_media":14681,"comment_status":"open","ping_status":"closed","sticky":false,"template":"","format":"standard","meta":{"footnotes":""},"categories":[36,22],"tags":[6758,357,6756,6761,6759,6760,6757],"class_list":["post-26206","post","type-post","status-publish","format-standard","has-post-thumbnail","hentry","category-noticias","category-titulares","tag-centro","tag-ciudad-de-mexico","tag-gentrificacion","tag-la-condesa","tag-la-juarez","tag-la-roma","tag-regular-precios-de-viviendas"],"_links":{"self":[{"href":"https:\/\/hogaresnoticia.com.mx\/index.php?rest_route=\/wp\/v2\/posts\/26206","targetHints":{"allow":["GET"]}}],"collection":[{"href":"https:\/\/hogaresnoticia.com.mx\/index.php?rest_route=\/wp\/v2\/posts"}],"about":[{"href":"https:\/\/hogaresnoticia.com.mx\/index.php?rest_route=\/wp\/v2\/types\/post"}],"author":[{"embeddable":true,"href":"https:\/\/hogaresnoticia.com.mx\/index.php?rest_route=\/wp\/v2\/users\/1"}],"replies":[{"embeddable":true,"href":"https:\/\/hogaresnoticia.com.mx\/index.php?rest_route=%2Fwp%2Fv2%2Fcomments&post=26206"}],"version-history":[{"count":3,"href":"https:\/\/hogaresnoticia.com.mx\/index.php?rest_route=\/wp\/v2\/posts\/26206\/revisions"}],"predecessor-version":[{"id":26210,"href":"https:\/\/hogaresnoticia.com.mx\/index.php?rest_route=\/wp\/v2\/posts\/26206\/revisions\/26210"}],"wp:featuredmedia":[{"embeddable":true,"href":"https:\/\/hogaresnoticia.com.mx\/index.php?rest_route=\/wp\/v2\/media\/14681"}],"wp:attachment":[{"href":"https:\/\/hogaresnoticia.com.mx\/index.php?rest_route=%2Fwp%2Fv2%2Fmedia&parent=26206"}],"wp:term":[{"taxonomy":"category","embeddable":true,"href":"https:\/\/hogaresnoticia.com.mx\/index.php?rest_route=%2Fwp%2Fv2%2Fcategories&post=26206"},{"taxonomy":"post_tag","embeddable":true,"href":"https:\/\/hogaresnoticia.com.mx\/index.php?rest_route=%2Fwp%2Fv2%2Ftags&post=26206"}],"curies":[{"name":"wp","href":"https:\/\/api.w.org\/{rel}","templated":true}]}}