{"id":26456,"date":"2025-10-21T00:17:44","date_gmt":"2025-10-21T06:17:44","guid":{"rendered":"https:\/\/hogaresnoticia.com.mx\/?p=26456"},"modified":"2025-10-21T00:21:06","modified_gmt":"2025-10-21T06:21:06","slug":"regresan-los-premios-escala-para-reconocer-lo-mejor-de-la-arquitectura-y-el-interiorismo","status":"publish","type":"post","link":"https:\/\/hogaresnoticia.com.mx\/?p=26456","title":{"rendered":"Regresan los Premios Escala para reconocer lo mejor de la arquitectura y el interiorismo"},"content":{"rendered":"<p style=\"text-align: justify;\"><strong><span style=\"color: #808080;\">Reconocer\u00e1n a proyectos y profesionales en cuatro grandes categor\u00edas: Arquitectura, Dise\u00f1o de Interiores, Construcci\u00f3n y Desarrollos, y Fotograf\u00eda, as\u00ed como menciones especiales en Sustentabilidad, Iluminaci\u00f3n y Estructura.<\/span><\/strong><\/p>\n<div id=\"attachment_26457\" style=\"width: 640px\" class=\"wp-caption aligncenter\"><img loading=\"lazy\" decoding=\"async\" aria-describedby=\"caption-attachment-26457\" class=\"size-full wp-image-26457\" src=\"https:\/\/hogaresnoticia.com.mx\/wp-content\/uploads\/2025\/10\/Premios-Escala-2025-26.jpg\" alt=\"\" width=\"630\" height=\"420\" srcset=\"https:\/\/hogaresnoticia.com.mx\/wp-content\/uploads\/2025\/10\/Premios-Escala-2025-26.jpg 630w, https:\/\/hogaresnoticia.com.mx\/wp-content\/uploads\/2025\/10\/Premios-Escala-2025-26-300x200.jpg 300w, https:\/\/hogaresnoticia.com.mx\/wp-content\/uploads\/2025\/10\/Premios-Escala-2025-26-150x100.jpg 150w\" sizes=\"auto, (max-width: 630px) 100vw, 630px\" \/><p id=\"caption-attachment-26457\" class=\"wp-caption-text\"><strong>EN EL el relanzamiento de los Premios Escala, los oradores destacaron que este reconocimiento representa la evoluci\u00f3n natural de una misi\u00f3n que es construir comunidad, reconocer la excelencia e inspirar a este sector.<\/strong><\/p><\/div>\n<p style=\"text-align: justify;\"><a href=\"https:\/\/x.com\/Hogaresnoticia\"><strong>Sa\u00fal Galarza | Hogaresnotica.com | 21\/octubre\/2025<\/strong><\/a><\/p>\n<p style=\"text-align: justify;\"><span style=\"color: #000000;\"><strong>Ciudad de M\u00e9xico<\/strong>.- De la mano con los festejos por el 35 aniversario de <strong>Expo CIHAC<\/strong> se anunci\u00f3 el relanzamiento de los <strong>Premios Escala<\/strong>, bajo una f\u00f3rmula totalmente renovada que reconoce la creatividad, la excelencia y el impacto de la arquitectura, el interiorismo, la construcci\u00f3n y la fotograf\u00eda de arquitectura.<\/span><\/p>\n<p style=\"text-align: justify;\"><span style=\"color: #000000;\">Luego de una pausa, estos premios regresan con una propuesta m\u00e1s robusta y nuevas categor\u00edas que reflejan los desaf\u00edos actuales del sector, bajo la \u00f3ptica de la sostenibilidad, el dise\u00f1o responsable, la tecnolog\u00eda aplicada y experiencias espaciales que eleven la calidad de vida.<\/span><\/p>\n<p style=\"text-align: justify;\"><span style=\"color: #000000;\">De acuerdo con la directora general de Expo CIHAC, <strong>Tania D\u00edaz<\/strong>, el relanzamiento de los Premios Escala representa la evoluci\u00f3n natural de una misi\u00f3n que es construir comunidad, reconocer la excelencia e inspirar a este sector.<\/span><\/p>\n<p style=\"text-align: justify;\"><span style=\"color: #000000;\">El \u201cpremio vuelve para quedarse, como un homenaje al talento que da forma al futuro\u201d, asever\u00f3.<\/span><\/p>\n<p style=\"text-align: justify;\"><span style=\"color: #000000;\">Los Premios Escala nacieron con la visi\u00f3n de impulsar el talento que transforma el panorama del h\u00e1bitat en M\u00e9xico, al reconocer a profesionales y proyectos que combinan innovaci\u00f3n, funcionalidad y responsabilidad social.<\/span><\/p>\n<p><strong>Categor\u00edas<\/strong><\/p>\n<p style=\"text-align: justify;\"><span style=\"color: #000000;\">En esta nueva edici\u00f3n, los Premios Escala 2026 reconocer\u00e1n a proyectos y profesionales en cuatro grandes categor\u00edas: <strong>Arquitectura, Dise\u00f1o de Interiores<\/strong>, <strong>Construcci\u00f3n<\/strong> y <strong>Desarrollos<\/strong>, y <strong>Fotograf\u00eda<\/strong>, as\u00ed como menciones especiales en <strong>Sustentabilidad<\/strong>, <strong>Iluminaci\u00f3n<\/strong> y <strong>Estructura<\/strong>.<\/span><\/p>\n<p style=\"text-align: justify;\"><span style=\"color: #000000;\">Cada categor\u00eda busca destacar obras y procesos que, desde distintas disciplinas, contribuyan a un desarrollo m\u00e1s equilibrado, consciente e innovador:<\/span><\/p>\n<p style=\"text-align: justify;\"><span style=\"color: #000000;\"><strong>Construcci\u00f3n y Desarrollos<\/strong>: excelencia t\u00e9cnica e innovaci\u00f3n en procesos constructivos y de gesti\u00f3n.<\/span><\/p>\n<p style=\"text-align: justify;\"><span style=\"color: #000000;\"><strong>Arquitectura<\/strong>: proyectos que transformen la manera de vivir, trabajar y relacionarse con el entorno.<\/span><\/p>\n<p style=\"text-align: justify;\"><span style=\"color: #000000;\"><strong>Dise\u00f1o de Interiores<\/strong>: creaci\u00f3n de espacios funcionales, est\u00e9ticos y emocionalmente significativos.<\/span><\/p>\n<p style=\"text-align: justify;\"><span style=\"color: #000000;\"><strong>Fotograf\u00eda<\/strong>: im\u00e1genes que capturen la esencia arquitect\u00f3nica y cultural del entorno construido.<\/span><\/p>\n<p style=\"text-align: justify;\"><span style=\"color: #000000;\">El calendario oficial de los Premios Escala 2026 ser\u00e1:<\/span><\/p>\n<p style=\"text-align: justify;\"><span style=\"color: #000000;\">1.- Inicio de la convocatoria: febrero de 2026.<\/span><\/p>\n<p style=\"text-align: justify;\"><span style=\"color: #000000;\">2.- Cierre de convocatoria: junio de 2026.<\/span><\/p>\n<p style=\"text-align: justify;\"><span style=\"color: #000000;\">3.- Reuni\u00f3n del jurado para evaluaci\u00f3n: agosto de 2026.<\/span><\/p>\n<p style=\"text-align: justify;\"><span style=\"color: #000000;\">4.- Ceremonia de premiaci\u00f3n: octubre de 2026, durante Expo CIHAC 2026.<\/span><\/p>\n<p style=\"text-align: justify;\"><span style=\"color: #000000;\">Tania D\u00edaz dijo que con este relanzamiento Expo CIHAC y los Premios Escala consolidan su compromiso con la construcci\u00f3n de un futuro m\u00e1s innovador, sustentable y humano, al impulsar la creatividad y el talento en todas las disciplinas de la industria.<\/span><\/p>\n<p style=\"text-align: justify;\"><span style=\"color: #000000;\">\u201cM\u00e1s all\u00e1 de reconocer proyectos y profesionales, el certamen busca inspirar a nuevas generaciones de arquitectos\u201d, subray\u00f3.<\/span><\/p>\n<p><span style=\"color: #000000;\">El jurado est\u00e1 integrado por honorables y destacadas personalidades acad\u00e9micas y profesionales en el medio arquitect\u00f3nico y del interiorismo, con una amplia experiencia profesional, entre ellos se encuentran <strong>Antonio Farr\u00e9<\/strong>, <strong>Juan Pablo Serrano<\/strong>, <strong>Rafael Monjaraz<\/strong>, <strong>Gerardo Broissin<\/strong>, <strong>Jorge Arditti<\/strong>, <strong>Bernardo G\u00f3mez-Pimienta<\/strong>, <strong>Benjam\u00edn Romano<\/strong> , <strong>Yuri Zagorin<\/strong>, <strong>Mar\u00eda Bustamante<\/strong>, <strong>Abraham Cota Paredes<\/strong>, <strong>Claudina Flores<\/strong>, <strong>Lily Duclaud<\/strong>, <strong>Olga Hanono<\/strong>, <strong>Sergio de Las Casas<\/strong>, <strong>Elena Talavera<\/strong>, <strong>Pablo Gonz\u00e1lez<\/strong>, <strong>Nadia Borr\u00e1s<\/strong>, <strong>Pamela Ruiz<\/strong>, <strong>Federico Cerdas<\/strong>, <strong>Jorge Gamboa<\/strong>, <strong>Andr\u00e9s Torres Arenas<\/strong>, <strong>Ra\u00fal Berarducci<\/strong>, <strong>Dar\u00edo Ibarg\u00fcengoitia<\/strong>, <strong>Jos\u00e9 Antonio Soto Montoya<\/strong>, <strong>Marc Goodwin<\/strong>, <strong>Aldo Gracia<\/strong> y <strong>Diana Arnau<\/strong>.<\/span><\/p>\n<h5><strong>\u00bfTE PARECI\u00d3 INTERESANTE LA INFORMACI\u00d3N? COMP\u00c1RTELA USANDO ESTA\u00a0<\/strong><strong>LIGA:\u00a0<a href=\"https:\/\/hogaresnoticia.com.mx\/?p=26456\">https:\/\/hogaresnoticia.com.mx\/?p=26456<\/a><\/strong><\/h5>\n<p><strong>S\u00edguenos en Twitter:\u00a0<a href=\"http:\/\/twitter.com\/Hogaresnoticia\">@Hogaresnoticia \/\u00a0<\/a><a href=\"https:\/\/twitter.com\/SaulGalarza\">@SaulGalarza<\/a><\/strong><\/p>\n<p><strong>Quieres estar bien enterado, dale\u00a0<a href=\"http:\/\/www.facebook.com\/pages\/hogaresnoticiacom\/135422876721\">ME GUSTA\u00a0<\/a>a nuestra p\u00e1gina de Facebook<\/strong><\/p>\n","protected":false},"excerpt":{"rendered":"<p>Reconocer\u00e1n a proyectos y profesionales en cuatro grandes categor\u00edas: Arquitectura, Dise\u00f1o de Interiores, Construcci\u00f3n y Desarrollos, y Fotograf\u00eda, as\u00ed como menciones especiales en Sustentabilidad, Iluminaci\u00f3n y Estructura. Sa\u00fal Galarza | Hogaresnotica.com | 21\/octubre\/2025 Ciudad de M\u00e9xico.- De la mano con los festejos por el 35 aniversario de Expo CIHAC se anunci\u00f3 el relanzamiento de los<a href=\"https:\/\/hogaresnoticia.com.mx\/?p=26456\">&nbsp;&nbsp;[ Leer m\u00e1s ]<\/a><\/p>\n","protected":false},"author":1,"featured_media":26457,"comment_status":"open","ping_status":"closed","sticky":false,"template":"","format":"standard","meta":{"footnotes":""},"categories":[36,22,5],"tags":[187,5180,6828,3738,6827,6826],"class_list":["post-26456","post","type-post","status-publish","format-standard","has-post-thumbnail","hentry","category-noticias","category-titulares","category-quien-es-quien","tag-arquitectura","tag-expo-cihac","tag-fotografia-arquitectonica","tag-interiorismo","tag-premios-escala","tag-tania-diaz"],"_links":{"self":[{"href":"https:\/\/hogaresnoticia.com.mx\/index.php?rest_route=\/wp\/v2\/posts\/26456","targetHints":{"allow":["GET"]}}],"collection":[{"href":"https:\/\/hogaresnoticia.com.mx\/index.php?rest_route=\/wp\/v2\/posts"}],"about":[{"href":"https:\/\/hogaresnoticia.com.mx\/index.php?rest_route=\/wp\/v2\/types\/post"}],"author":[{"embeddable":true,"href":"https:\/\/hogaresnoticia.com.mx\/index.php?rest_route=\/wp\/v2\/users\/1"}],"replies":[{"embeddable":true,"href":"https:\/\/hogaresnoticia.com.mx\/index.php?rest_route=%2Fwp%2Fv2%2Fcomments&post=26456"}],"version-history":[{"count":4,"href":"https:\/\/hogaresnoticia.com.mx\/index.php?rest_route=\/wp\/v2\/posts\/26456\/revisions"}],"predecessor-version":[{"id":26461,"href":"https:\/\/hogaresnoticia.com.mx\/index.php?rest_route=\/wp\/v2\/posts\/26456\/revisions\/26461"}],"wp:featuredmedia":[{"embeddable":true,"href":"https:\/\/hogaresnoticia.com.mx\/index.php?rest_route=\/wp\/v2\/media\/26457"}],"wp:attachment":[{"href":"https:\/\/hogaresnoticia.com.mx\/index.php?rest_route=%2Fwp%2Fv2%2Fmedia&parent=26456"}],"wp:term":[{"taxonomy":"category","embeddable":true,"href":"https:\/\/hogaresnoticia.com.mx\/index.php?rest_route=%2Fwp%2Fv2%2Fcategories&post=26456"},{"taxonomy":"post_tag","embeddable":true,"href":"https:\/\/hogaresnoticia.com.mx\/index.php?rest_route=%2Fwp%2Fv2%2Ftags&post=26456"}],"curies":[{"name":"wp","href":"https:\/\/api.w.org\/{rel}","templated":true}]}}