{"id":26932,"date":"2026-08-31T13:12:04","date_gmt":"2026-08-31T19:12:04","guid":{"rendered":"https:\/\/hogaresnoticia.com.mx\/?p=26932"},"modified":"2026-08-31T13:17:31","modified_gmt":"2026-08-31T19:17:31","slug":"reconocen-mujeres-trayectoria-de-aurora-garcia-de-leon-en-el-sector-vivienda","status":"publish","type":"post","link":"https:\/\/hogaresnoticia.com.mx\/?p=26932","title":{"rendered":"Reconocen mujeres, trayectoria de Aurora Garc\u00eda de Le\u00f3n en el sector vivienda"},"content":{"rendered":"<p style=\"text-align: justify;\"><span style=\"color: #808080;\"><strong>La homenajeada est\u00e1 en una nueva etapa de su vida profesional; combina el conocimiento que Derex ha desarrollado en las regiones donde opera con la capacidad institucional de su nueva casa que es Grupo Vinte.<\/strong><\/span><\/p>\n<div id=\"attachment_26933\" style=\"width: 640px\" class=\"wp-caption aligncenter\"><img loading=\"lazy\" decoding=\"async\" aria-describedby=\"caption-attachment-26933\" class=\"size-full wp-image-26933\" src=\"https:\/\/hogaresnoticia.com.mx\/wp-content\/uploads\/2026\/08\/Aurora_MULIV_premio1.jpeg\" alt=\"\" width=\"630\" height=\"354\" srcset=\"https:\/\/hogaresnoticia.com.mx\/wp-content\/uploads\/2026\/08\/Aurora_MULIV_premio1.jpeg 630w, https:\/\/hogaresnoticia.com.mx\/wp-content\/uploads\/2026\/08\/Aurora_MULIV_premio1-300x169.jpeg 300w\" sizes=\"auto, (max-width: 630px) 100vw, 630px\" \/><p id=\"caption-attachment-26933\" class=\"wp-caption-text\"><strong>FOTO: Especial \/ Hogaresnoticia<\/strong><\/p><\/div>\n<p style=\"text-align: justify;\"><a href=\"https:\/\/x.com\/Hogaresnoticia\"><strong>Redacci\u00f3n | Hogaresnoticia.com | 31\/agosto\/2026<\/strong><\/a><\/p>\n<p style=\"text-align: justify;\"><span style=\"color: #000000;\"><strong>Ciudad de M\u00e9xico<\/strong>.- La empresaria <strong>Aurora Garc\u00eda de Le\u00f3n<\/strong> fue reconocida recientemente por su trayectoria y liderazgo en el sector inmobiliario, en el marco la Cuarta edici\u00f3n de la Cumbre Inmobiliaria de <strong>Mujeres L\u00edderes por la Vivienda y el Sector Inmobiliario<\/strong> (MULIV).<\/span><\/p>\n<p style=\"text-align: justify;\"><span style=\"color: #000000;\">All\u00ed, record\u00f3 c\u00f3mo hace algunos a\u00f1os, muchas de las mujeres que trabajaban en esta industria se sent\u00edan \u201cmuy solas y desarticuladas\u201d. Sin embargo, en la actualidad, ocupan cada vez m\u00e1s espacios en este sector.<\/span><\/p>\n<p style=\"text-align: justify;\"><span style=\"color: #000000;\">Aurora Garc\u00eda de Le\u00f3n ha vivido ambas historias, de all\u00ed que haya sido reconocida al recibir el reconocimiento que entrega la agrupaci\u00f3n de MULIV.<\/span><\/p>\n<p style=\"text-align: justify;\"><span style=\"color: #000000;\">\u201cConstruir vivienda no es solamente construir casas. Durante m\u00e1s de 30 a\u00f1os, esa convicci\u00f3n ha acompa\u00f1ado la trayectoria de la ingeniera sonorense: desarrollar espacios capaces de mejorar la calidad de vida, fortalecer los v\u00ednculos entre quienes los habitan y construir comunidad\u201d.<\/span><\/p>\n<p style=\"text-align: justify;\"><span style=\"color: #000000;\">Al recibir el <strong>Reconocimiento Especial<\/strong> por su trayectoria y liderazgo en el sector inmobiliario, habl\u00f3 c\u00f3mo en tres d\u00e9cadas de trabajo ha cambiado esta industria y donde cada vez m\u00e1s mujeres participan en distintos \u00e1mbitos de la vivienda.<\/span><\/p>\n<p style=\"text-align: justify;\"><span style=\"color: #000000;\">Record\u00f3 que cuando comenzaron a impulsar MULIV, muchas mujeres de la industria se sent\u00edan \u201cmuy solas, desarticuladas\u201d. Y construir esa red permiti\u00f3 comenzar a cambiar esa realidad.<\/span><\/p>\n<p style=\"text-align: justify;\"><span style=\"color: #000000;\">Desde su punto de vista, transformar la vivienda implica preguntarse qui\u00e9nes participan en las decisiones sobre c\u00f3mo y para qui\u00e9n se construye; por eso habl\u00f3 de su paso por este sector y de c\u00f3mo ha podido mirar esa transformaci\u00f3n desde otra perspectiva.<\/span><\/p>\n<p style=\"text-align: justify;\"><span style=\"color: #000000;\">\u201cSe nota cuando dise\u00f1amos con perspectiva de g\u00e9nero, cuando incorporamos a los grupos minoritarios en nuestro pensar, cuando trabajamos en actividades comunitarias\u201d, se\u00f1al\u00f3 Aurora Garc\u00eda al recibir la distinci\u00f3n, acompa\u00f1ada por Allegra Baiocchi, Coordinadora Residente de la ONU en M\u00e9xico y Fernanda Lonardoni, jefa de ONU H\u00e1bitat para M\u00e9xico, Cuba y Mesoam\u00e9rica.<\/span><\/p>\n<p style=\"text-align: justify;\"><span style=\"color: #000000;\">Para ella, esas redes tienen adem\u00e1s una consecuencia concreta: permiten que m\u00e1s mujeres permanezcan y crezcan profesionalmente al encontrar apoyo m\u00e1s all\u00e1 de sus propios c\u00edrculos familiares.<\/span><\/p>\n<p style=\"text-align: justify;\"><span style=\"color: #000000;\">Por eso convirti\u00f3 un reconocimiento individual en uno colectivo: \u201cRecibo este premio en nombre de todas las que estamos trabajando en esta industria, porque es algo que hacemos en conjunto\u201d.<\/span><\/p>\n<p style=\"text-align: justify;\"><span style=\"color: #000000;\">Ah\u00ed est\u00e1 una de las claves de su visi\u00f3n: la transformaci\u00f3n de la vivienda y la transformaci\u00f3n de quienes toman las decisiones sobre ella no son historias separadas.<\/span><\/p>\n<p style=\"text-align: justify;\"><span style=\"color: #000000;\">En la cumbre MULIV, Aurora particip\u00f3 en el panel <strong>Propuestas innovadoras para impulsar a la industria de la vivienda y sector inmobiliario<\/strong>, junto con representantes de la Sociedad Hipotecaria Federal, APCI y Genworth M\u00e9xico. La conversaci\u00f3n puso sobre la mesa los retos y oportunidades que enfrenta una industria determinante para el desarrollo del pa\u00eds.<\/span><\/p>\n<p style=\"text-align: justify;\"><span style=\"color: #000000;\">Este reconocimiento llega tambi\u00e9n en un punto de quiebre en su propia trayectoria. En 2025, vendi\u00f3 100% de sus acciones de Derex a Grupo Vinte y se convirti\u00f3 en su directora general de la empresa que fund\u00f3, ahora dentro de una plataforma inmobiliaria de mayor escala.<\/span><\/p>\n<p style=\"text-align: justify;\"><span style=\"color: #000000;\">Ella misma describe, en el Informe <strong>Anual Sustentable 2025 de Grupo Vinte<\/strong>, que esta nueva etapa es una oportunidad para combinar el conocimiento que Derex ha desarrollado en las regiones donde opera con la capacidad institucional de Grupo Vinte. El objetivo: seguir cerrando brechas en el acceso a una vivienda adecuada y abrir m\u00e1s espacios para las mujeres en la toma de decisiones de la industria.<\/span><\/p>\n<p style=\"text-align: justify;\"><span style=\"color: #000000;\">Despu\u00e9s de m\u00e1s de tres d\u00e9cadas, el reconocimiento de MULIV no es la culminaci\u00f3n de una trayectoria, para Aurora Garc\u00eda de Le\u00f3n ocurre en un momento diferente: cuando la escala desde la que puede impulsar su visi\u00f3n tambi\u00e9n est\u00e1 creciendo.<\/span><\/p>\n<p style=\"text-align: justify;\"><span style=\"color: #000000;\">Porque algunas trayectorias se reconocen por lo que han construido, otras, por lo que todav\u00eda pueden transformar.<\/span><\/p>\n<h5><strong>\u00bfTE PARECI\u00d3 INTERESANTE LA INFORMACI\u00d3N? COMP\u00c1RTELA USANDO ESTA\u00a0<\/strong><strong>LIGA:\u00a0<a href=\"https:\/\/hogaresnoticia.com.mx\/?p=26932\">https:\/\/hogaresnoticia.com.mx\/?p=26932<\/a><\/strong><\/h5>\n<p><strong>S\u00edguenos en Twitter:\u00a0<a href=\"http:\/\/twitter.com\/Hogaresnoticia\">@Hogaresnoticia \/\u00a0<\/a><a href=\"https:\/\/twitter.com\/SaulGalarza\">@SaulGalarza<\/a><\/strong><\/p>\n<p><strong>Quieres estar bien enterado, dale\u00a0<a href=\"http:\/\/www.facebook.com\/pages\/hogaresnoticiacom\/135422876721\">ME GUSTA\u00a0<\/a>a nuestra p\u00e1gina de Facebook<\/strong><\/p>\n","protected":false},"excerpt":{"rendered":"<p>La homenajeada est\u00e1 en una nueva etapa de su vida profesional; combina el conocimiento que Derex ha desarrollado en las regiones donde opera con la capacidad institucional de su nueva casa que es Grupo Vinte. Redacci\u00f3n | Hogaresnoticia.com | 31\/agosto\/2026 Ciudad de M\u00e9xico.- La empresaria Aurora Garc\u00eda de Le\u00f3n fue reconocida recientemente por su trayectoria<a href=\"https:\/\/hogaresnoticia.com.mx\/?p=26932\">&nbsp;&nbsp;[ Leer m\u00e1s ]<\/a><\/p>\n","protected":false},"author":1,"featured_media":26933,"comment_status":"open","ping_status":"closed","sticky":false,"template":"","format":"standard","meta":{"footnotes":""},"categories":[36,22],"tags":[416,3730],"class_list":["post-26932","post","type-post","status-publish","format-standard","has-post-thumbnail","hentry","category-noticias","category-titulares","tag-aurora-garcia-de-leon","tag-vivienda"],"_links":{"self":[{"href":"https:\/\/hogaresnoticia.com.mx\/index.php?rest_route=\/wp\/v2\/posts\/26932","targetHints":{"allow":["GET"]}}],"collection":[{"href":"https:\/\/hogaresnoticia.com.mx\/index.php?rest_route=\/wp\/v2\/posts"}],"about":[{"href":"https:\/\/hogaresnoticia.com.mx\/index.php?rest_route=\/wp\/v2\/types\/post"}],"author":[{"embeddable":true,"href":"https:\/\/hogaresnoticia.com.mx\/index.php?rest_route=\/wp\/v2\/users\/1"}],"replies":[{"embeddable":true,"href":"https:\/\/hogaresnoticia.com.mx\/index.php?rest_route=%2Fwp%2Fv2%2Fcomments&post=26932"}],"version-history":[{"count":3,"href":"https:\/\/hogaresnoticia.com.mx\/index.php?rest_route=\/wp\/v2\/posts\/26932\/revisions"}],"predecessor-version":[{"id":26936,"href":"https:\/\/hogaresnoticia.com.mx\/index.php?rest_route=\/wp\/v2\/posts\/26932\/revisions\/26936"}],"wp:featuredmedia":[{"embeddable":true,"href":"https:\/\/hogaresnoticia.com.mx\/index.php?rest_route=\/wp\/v2\/media\/26933"}],"wp:attachment":[{"href":"https:\/\/hogaresnoticia.com.mx\/index.php?rest_route=%2Fwp%2Fv2%2Fmedia&parent=26932"}],"wp:term":[{"taxonomy":"category","embeddable":true,"href":"https:\/\/hogaresnoticia.com.mx\/index.php?rest_route=%2Fwp%2Fv2%2Fcategories&post=26932"},{"taxonomy":"post_tag","embeddable":true,"href":"https:\/\/hogaresnoticia.com.mx\/index.php?rest_route=%2Fwp%2Fv2%2Ftags&post=26932"}],"curies":[{"name":"wp","href":"https:\/\/api.w.org\/{rel}","templated":true}]}}