{"id":5055,"date":"2013-05-08T20:06:05","date_gmt":"2013-05-09T01:06:05","guid":{"rendered":"http:\/\/hogaresnoticia.com.mx\/?p=5055"},"modified":"2013-05-08T20:54:57","modified_gmt":"2013-05-09T01:54:57","slug":"usos-mixtos-clave-para-atender-demanda-habitacional-mancera","status":"publish","type":"post","link":"https:\/\/hogaresnoticia.com.mx\/?p=5055","title":{"rendered":"Usos mixtos, clave para atender demanda habitacional: Mancera"},"content":{"rendered":"<p style=\"text-align: justify;\"><span style=\"color: #888888;\"><strong>Conocer tendencias de modernidad en la industria de la construcci\u00f3n y vivienda, para desarrollar modelos innovadores que coadyuven a ofrecer alternativas inmobiliarias, ser\u00e1 la base para dar a la gente lo quiere y no lo que hay para darles, dice el jefe de gobierno capitalino.<\/strong><\/span><\/p>\n<div id=\"attachment_5056\" style=\"width: 310px\" class=\"wp-caption alignright\"><a href=\"http:\/\/hogaresnoticia.com.mx\/wp-content\/uploads\/2013\/05\/mancera.jpg\"><img loading=\"lazy\" decoding=\"async\" aria-describedby=\"caption-attachment-5056\" class=\"size-medium wp-image-5056\" title=\"mancera\" src=\"http:\/\/hogaresnoticia.com.mx\/wp-content\/uploads\/2013\/05\/mancera-300x171.jpg\" alt=\"\" width=\"300\" height=\"171\" srcset=\"https:\/\/hogaresnoticia.com.mx\/wp-content\/uploads\/2013\/05\/mancera-300x171.jpg 300w, https:\/\/hogaresnoticia.com.mx\/wp-content\/uploads\/2013\/05\/mancera.jpg 500w\" sizes=\"auto, (max-width: 300px) 100vw, 300px\" \/><\/a><p id=\"caption-attachment-5056\" class=\"wp-caption-text\">DI\u00c1LOGO con gobierno federal es base para avanzar, dijo Mancera<\/p><\/div>\n<p style=\"text-align: justify;\"><span style=\"color: #000000;\"><strong><a href=\"http:\/\/twitter.com\/Hogaresnoticia\">Redacci\u00f3n | Hogar Es Noticia | 08 Mayo 2013<\/a><\/strong><\/span><\/p>\n<p style=\"text-align: justify;\"><span style=\"color: #000000;\"><strong>M\u00e9xico, DF.- <\/strong>Revisar la tendencia internacional, que apunta a tener ciudades compactas con usos mixtos y recuperaci\u00f3n del espacio p\u00fablico y compartido, es parte de la agenda del Gobierno del Distrito Federal para abrir oportunidades y atender la demanda habitacional.<\/span><\/p>\n<p style=\"text-align: justify;\"><span style=\"color: #000000;\">Al inaugurar <em>Expo Vivienda y Construcci\u00f3n 201<\/em>3, que se realiza en el Centro Banamex Ciudad de M\u00e9xico, el mandatario local <strong>Miguel \u00c1ngel Mancera <\/strong>dijo que es necesario conocer cu\u00e1les son las tendencias de la modernidad en la industria de la construcci\u00f3n y vivienda, para desarrollar modelos innovadores que coadyuven a ofrecer alternativas inmobiliarias que sean \u00ablo que la gente quiere y no lo que tenemos para darles\u00bb.<\/span><\/p>\n<p style=\"text-align: justify;\"><span style=\"color: #000000;\">Ante empresarios miembros de la C\u00e1mara Nacional de la Industria de Desarrollo y Promoci\u00f3n de Vivienda\u00a0 (Canadevi) y titulares de organismos nacionales de vivienda, el jefe de gobierno se pronunci\u00f3 por avanzar de manera conjunta y mantener un di\u00e1logo permanente con el gobierno Federal y la iniciativa privada, a efecto de desarrollar mejores esquemas de construcci\u00f3n y pr\u00e1cticas que apunten hacia el incentivo, el crecimiento y el desarrollo de la industria de la vivienda.<\/span><\/p>\n<p style=\"text-align: justify;\"><span style=\"color: #000000;\">Se comprometi\u00f3 a mantenerse cerca de esta industria para que, de manera conjunta, \u00abplanear la ciudad que queremos\u00bb, con vivienda y desarrollo urbano sustentable y con oportunidades para todos los sectores de la poblaci\u00f3n.<\/span><\/p>\n<p style=\"text-align: justify;\"><span style=\"color: #000000;\">Resalt\u00f3 que un elemento clave para atender la demanda habitacional est\u00e1 en revisar la tendencia internacional que apunta a tener ciudades compactas con usos mixtos y recuperaci\u00f3n del espacio p\u00fablico y compartido.<\/span><\/p>\n<p style=\"text-align: justify;\"><span style=\"color: #000000;\">Para ello, reiter\u00f3 su compromiso de abrir los canales de comunicaci\u00f3n necesarios con quienes otorgan cr\u00e9ditos a la vivienda y estimular la construcci\u00f3n en el entorno metropolitano. \u00abQueremos que haya calidad de vida, por eso hablamos de usos mixtos y de esquemas donde demos la oportunidad a la gente de seleccionar d\u00f3nde quiere vivir\u00bb.<\/span><\/p>\n<p style=\"text-align: justify;\"><span style=\"color: #000000;\">Adelant\u00f3 que trabajar\u00e1n en muchos modelos innovadores y confi\u00f3 en que se superar\u00e1n viejas pr\u00e1cticas que estancan este desarrollo, donde hay trabajadores que no pueden acceder a la vivienda porque no hay los \u00abesquemas de comunicaci\u00f3n claros con quienes tienen los cr\u00e9ditos\u00bb.<\/span><\/p>\n<p style=\"text-align: justify;\"><span style=\"color: #000000;\">El presidente de la Canadevi Valle de M\u00e9xico, <strong>Alex Metta Cohen<\/strong>, aplaudi\u00f3 la propuesta de crear ciudades compactas y el desarrollo de inmuebles con usos mixtos, as\u00ed como la recuperaci\u00f3n del espacio p\u00fablico. <\/span><span style=\"color: #000000;\">Y destac\u00f3 que<em> Expo Vivienda y Construcci\u00f3n 2013 <\/em>es el sitio id\u00f3neo que permite reunir y vincular a los representantes de este sector para conocer las tendencias en materia de desarrollo urbano, vivienda e infraestructura. <\/span><\/p>\n<p style=\"text-align: justify;\"><span style=\"color: #000000;\">El titular de la Comisi\u00f3n Nacional de Vivienda (Conavi), <strong>Alejandro Nieto Enr\u00edquez<\/strong>, reconoci\u00f3 la propuesta de Miguel \u00c1ngel Mancera de ir hacia una nueva pol\u00edtica de vivienda en las ciudades, con modelos de verticalidad y uso de suelos que hoy est\u00e1n inutilizados y que representan un importante nicho de oportunidad para el desarrollo habitacional.<\/span><\/p>\n<p style=\"text-align: justify;\"><span style=\"color: #000000;\">Vale decir que el uso mixto\u00a0se refiere a\u00a0aquellos inmuebles que albergan en el mismo espacio\u00a0departamentos, centros comerciales, oficinas e incluso\u00a0\u00e1reas de recreaci\u00f3n como\u00a0cines. El referente que se tiene es el de\u00a0Reforma 222 en la ciudad de M\u00e9xico, aunque all\u00ed los costos dif\u00edcilmente permitir\u00edan a un trabajador de clase modesta, adquirir una vivienda, por la plusval\u00eda del mismo lugar y la zona. <\/span>(<strong><a href=\"http:\/\/twitter.com\/Hogaresnoticia\">FOTO: Especial)<\/a> <\/strong><\/p>\n<h5>\u00bfTE PARECI\u00d3 INTERESANTE LA INFORMACI\u00d3N? COMP\u00c1RTELA USANDO ESTA LIGA: <\/h5>\n<p><strong>S\u00edguenos en Twitter: <a href=\"http:\/\/twitter.com\/Hogaresnoticia\">@Hogaresnoticia<\/a><\/strong><\/p>\n<h5><strong>Quieres estar bien enterado, dale <a href=\"http:\/\/www.facebook.com\/pages\/hogaresnoticiacom\/135422876721\">ME GUSTA <\/a>a nuestra p\u00e1gina de Facebook <\/strong><\/h5>\n<p style=\"text-align: justify;\">&nbsp;<\/p>\n","protected":false},"excerpt":{"rendered":"<p>Conocer tendencias de modernidad en la industria de la construcci\u00f3n y vivienda, para desarrollar modelos innovadores que coadyuven a ofrecer alternativas inmobiliarias, ser\u00e1 la base para dar a la gente lo quiere y no lo que hay para darles, dice el jefe de gobierno capitalino. Redacci\u00f3n | Hogar Es Noticia | 08 Mayo 2013 M\u00e9xico,<a href=\"https:\/\/hogaresnoticia.com.mx\/?p=5055\">&nbsp;&nbsp;[ Leer m\u00e1s ]<\/a><\/p>\n","protected":false},"author":1,"featured_media":5056,"comment_status":"open","ping_status":"open","sticky":false,"template":"","format":"standard","meta":{"footnotes":""},"categories":[36,22],"tags":[1009,951,3729,1006,1010,1007,786,1005,354,1008,96],"class_list":["post-5055","post","type-post","status-publish","format-standard","has-post-thumbnail","hentry","category-noticias","category-titulares","tag-alex-metta-cohen","tag-camara-nacional-de-la-industria-de-desarrollo-y-promocion-de-vivienda","tag-canadevi-valle-de-mexico","tag-canadevi-vivienda-hipotecario-infonavit","tag-conavi-alejandro-nieto-enriquez","tag-construccion-desarrollo-urbano","tag-distrito-federal","tag-expo-vivienda-y-construccion-2013","tag-miguel-angel-mancera","tag-noticias-google-vivienda-credito-hipotecario","tag-noticias-yahoo"],"_links":{"self":[{"href":"https:\/\/hogaresnoticia.com.mx\/index.php?rest_route=\/wp\/v2\/posts\/5055","targetHints":{"allow":["GET"]}}],"collection":[{"href":"https:\/\/hogaresnoticia.com.mx\/index.php?rest_route=\/wp\/v2\/posts"}],"about":[{"href":"https:\/\/hogaresnoticia.com.mx\/index.php?rest_route=\/wp\/v2\/types\/post"}],"author":[{"embeddable":true,"href":"https:\/\/hogaresnoticia.com.mx\/index.php?rest_route=\/wp\/v2\/users\/1"}],"replies":[{"embeddable":true,"href":"https:\/\/hogaresnoticia.com.mx\/index.php?rest_route=%2Fwp%2Fv2%2Fcomments&post=5055"}],"version-history":[{"count":0,"href":"https:\/\/hogaresnoticia.com.mx\/index.php?rest_route=\/wp\/v2\/posts\/5055\/revisions"}],"wp:featuredmedia":[{"embeddable":true,"href":"https:\/\/hogaresnoticia.com.mx\/index.php?rest_route=\/wp\/v2\/media\/5056"}],"wp:attachment":[{"href":"https:\/\/hogaresnoticia.com.mx\/index.php?rest_route=%2Fwp%2Fv2%2Fmedia&parent=5055"}],"wp:term":[{"taxonomy":"category","embeddable":true,"href":"https:\/\/hogaresnoticia.com.mx\/index.php?rest_route=%2Fwp%2Fv2%2Fcategories&post=5055"},{"taxonomy":"post_tag","embeddable":true,"href":"https:\/\/hogaresnoticia.com.mx\/index.php?rest_route=%2Fwp%2Fv2%2Ftags&post=5055"}],"curies":[{"name":"wp","href":"https:\/\/api.w.org\/{rel}","templated":true}]}}