{"id":995,"date":"2011-08-30T20:37:49","date_gmt":"2011-08-31T01:37:49","guid":{"rendered":"http:\/\/hogaresnoticia.com.mx\/?p=995"},"modified":"2011-08-31T18:02:44","modified_gmt":"2011-08-31T23:02:44","slug":"muere-victor-perera-ex-presidente-nacional-de-ampi","status":"publish","type":"post","link":"https:\/\/hogaresnoticia.com.mx\/?p=995","title":{"rendered":"Muere V\u00edctor Perera, ex presidente nacional de AMPI"},"content":{"rendered":"<p style=\"text-align: justify;\"><span style=\"color: #888888;\"><strong>En un desafortunado acto de violencia, el profesor y especialista en asuntos inmobiliarios perdi\u00f3 la vida cerca de sus oficinas ubicadas en la colonia del Valle, en la ciudad de M\u00e9xico. <\/strong><\/span><\/p>\n<div id=\"attachment_996\" style=\"width: 156px\" class=\"wp-caption alignright\"><a href=\"http:\/\/hogaresnoticia.com.mx\/wp-content\/uploads\/2011\/08\/victor-perera.jpg\"><img loading=\"lazy\" decoding=\"async\" aria-describedby=\"caption-attachment-996\" class=\"size-full wp-image-996 \" title=\"victor perera\" src=\"http:\/\/hogaresnoticia.com.mx\/wp-content\/uploads\/2011\/08\/victor-perera.jpg\" alt=\"\" width=\"146\" height=\"200\" \/><\/a><p id=\"caption-attachment-996\" class=\"wp-caption-text\">V\u00edctor Perera Calero<\/p><\/div>\n<p style=\"text-align: justify;\"><span style=\"color: #000000;\"><strong><a href=\"http:\/\/twitter.com\/SaulGalarza\">Sa\u00fal Galarza\u00a0| Hogaresnoticia<\/a><\/strong><\/span><\/p>\n<p style=\"text-align: justify;\"><span style=\"color: #000000;\"><strong>CIUDAD DE M\u00c9XICO, 30 AGOSTO, 2011<\/strong>.- La tarde de este martes perdi\u00f3 la vida en un acto desafortunado de violencia el ex presidente nacional de la Asociaci\u00f3n Mexicana de Profesionales Inmobiliarios (AMPI), <strong>V\u00edctor Javier Perera Calero<\/strong>.<\/span><\/p>\n<p style=\"text-align: justify;\"><span style=\"color: #000000;\">Versiones indican que el inmobiliario habr\u00eda fallecido por impactos de arma de fuego en sus oficinas de la colonia del Valle, en esta ciudad.<\/span><\/p>\n<p style=\"text-align: justify;\"><span style=\"color: #000000;\">Fuentes indican que en el incidente uno de sus hijos tambi\u00e9n habr\u00eda resultado lesionado, y quien fuera trasladado al Hospital Espa\u00f1ol de esta ciudad. Posteriormente fu reportado fuera de peligro.<\/span><\/p>\n<p style=\"text-align: justify;\"><span style=\"color: #000000;\">El hombre que dispar\u00f3 lleg\u00f3 a las oficinas de la inmobiliaria Perera Calero Bienes Ra\u00edces ubicada en el n\u00famero 1314 de la calle Nicol\u00e1s San Juan, en la colonia referida, disfrazado como mensajero y tras ingresar al inmueble, ubic\u00f3 al due\u00f1o del negocio para dispararle con un arma calibre 9 mm.<\/span><\/p>\n<p style=\"text-align: justify;\"><span style=\"color: #000000;\">Al ver caer a su padre,<strong> V\u00edctor Perera Pe\u00f1a <\/strong>de 36 a\u00f1os enfrent\u00f3 a golpes al homicida, quien aprovech\u00f3 para dispararle tambi\u00e9n, hiri\u00e9ndolo en la cadera. El responsable,\u00a0de unos 30 a\u00f1os, sin cabello y de tez blanca,\u00a0huy\u00f3 en una motocicleta perdi\u00e9ndose en calles de la ciudad.<\/span><\/p>\n<p style=\"text-align: justify;\"><strong><span style=\"color: #000000;\">Inmobiliarios lamentan p\u00e9rdida<\/span><\/strong><\/p>\n<p style=\"text-align: justify;\"><span style=\"color: #000000;\">Con un avatar en su cuenta de Facebook mostrando un mo\u00f1o en color negro (en se\u00f1al de luto), el presidente nacional de la AMPI, <strong><a href=\"http:\/\/www.facebook.com\/?ref=home#!\/alarracilla\">Ad\u00e1n Larracilla<\/a><\/strong>, escribi\u00f3: \u201cLa semana pasada fue contra un asociado de Nuevo Laredo\u201d, al tiempo que muestra una fotograf\u00eda de <strong>V\u00edctor Javier Perera Calero <\/strong>y una liga donde se observa su trayectoria profesional.<\/span><\/p>\n<p style=\"text-align: justify;\"><span style=\"color: #000000;\">El presidente de la AMPI Ciudad de M\u00e9xico, <strong><a href=\"http:\/\/twitter.com\/AKuri_AMPI \">Alejandro Kuri Pheres<\/a><\/strong>\u00a0dijo en entrevista con<\/span><strong><span style=\"color: #000000;\"> <a href=\"http:\/\/twitter.com\/Hogaresnoticia\">Hogaresnoticia<\/a> <\/span><\/strong><span style=\"color: #000000;\">que la noticia cimbra a la comunidad inmobiliaria del pa\u00eds, por tratarse de un hombre proactivo entregado al trabajo y a su familia.<\/span><\/p>\n<p style=\"text-align: justify;\"><span style=\"color: #000000;\">\u201cEstamos profundamente consternados por el hecho. \u00a0Era amigo de muchos de nosotros y desde su \u00e1mbito acad\u00e9mico contribuy\u00f3 a la profesionalizaci\u00f3n de generaciones de inmobiliarios\u201d, dijo el tambi\u00e9n ex presidente del Instituto de Administradores de Inmuebles (IAI).<\/span><\/p>\n<p style=\"text-align: justify;\"><span style=\"color: #000000;\"><strong>Trayectoria<\/strong><\/span><\/p>\n<p style=\"text-align: justify;\"><span style=\"color: #000000;\"><strong>V\u00edctor Javier Perera Calero<\/strong> fue presidente nacional de la AMPI en 1991; antes, presidente de la misma asociaci\u00f3n para la ciudad de M\u00e9xico en 1976 y 1989.<\/span><\/p>\n<p style=\"text-align: justify;\"><span style=\"color: #000000;\">Estudi\u00f3 la licenciatura en Derecho en la Universidad Nacional Aut\u00f3noma de M\u00e9xico (UNAM); fue socio fundador y presidente del despacho Perera Bienes Ra\u00edces desde 1963 a la fecha. En su actividad profesional \u00a0se especializ\u00f3 en la administraci\u00f3n de Inmuebles y en general en lo relativo a aspectos legales, fiscales, comerciales y financiero de bienes inmuebles.<\/span><\/p>\n<p style=\"text-align: justify;\"><span style=\"color: #000000;\">Asimismo fue socio de la Barra Mexicana del Colegio de Abogados, socio de la Federaci\u00f3n Internacional de las Profesiones Inmobiliarias (FIABCI, por sus siglas en ingl\u00e9s), socio de la National Asociation of Realtors (NAR, por sus siglas en Ingl\u00e9s); miembro del Consejo de Directores de la AMPI Ciudad de M\u00e9xico y miembro del Consejo Nacional de Directores de la AMPI. Autor del libro La Administraci\u00f3n de inmuebles, publicado por Real Estate education Company, Grupo editorial Pax, 1997.<\/span><\/p>\n<p style=\"text-align: justify;\"><span style=\"color: #000000;\"><strong>\u00a0ACTIVIDADES DOCENTES:<\/strong><\/span><\/p>\n<p style=\"text-align: justify;\"><span style=\"color: #000000;\">\u00b7 Diploma nacional AMPI al M\u00e9rito Inmobiliario 1995 Medalla Luis Barrios al M\u00e9rito Inmobiliario.<\/span><\/p>\n<p style=\"text-align: justify;\"><span style=\"color: #000000;\">\u00b7 Profesor del curso sobre administraci\u00f3n de bienes inmuebles en el Instituto tecnol\u00f3gico de Monterrey, campus Guanajuato.<\/span><\/p>\n<p style=\"text-align: justify;\"><span style=\"color: #000000;\">\u00b7 Profesor de las materias de Arrendamiento, Administraci\u00f3n inmobiliaria y aspectos fiscales inmobiliarios en el Diplomado de la Universidad An\u00e1huac.<\/span><\/p>\n<p style=\"text-align: justify;\"><span style=\"color: #000000;\">\u00b7 Profesor del Diplomado Inmobiliario de la Universidad Iberoamericana del Golfo en la ciudad de Puebla.<\/span><\/p>\n<p style=\"text-align: justify;\"><span style=\"color: #000000;\">\u00b7 Imparti\u00f3 cursos y conferencias en institutos, c\u00e1maras de comercio, convenciones y secciones de la AMPI en el pa\u00eds.<\/span><\/p>\n<p style=\"text-align: justify;\"><span style=\"color: #000000;\">\u00a0<\/span><\/p>\n<h5><strong>COMPARTE LA LIGA DE\u00a0ESTA NOTA: <\/strong><\/h5>\n<h5><strong>Quieres estar bien enterado, dale <a href=\"http:\/\/www.facebook.com\/pages\/hogaresnoticiacom\/135422876721\">ME GUSTA <\/a>a nuestra p\u00e1gina de Facebook<\/strong><\/h5>\n","protected":false},"excerpt":{"rendered":"<p>En un desafortunado acto de violencia, el profesor y especialista en asuntos inmobiliarios perdi\u00f3 la vida cerca de sus oficinas ubicadas en la colonia del Valle, en la ciudad de M\u00e9xico. Sa\u00fal Galarza\u00a0| Hogaresnoticia CIUDAD DE M\u00c9XICO, 30 AGOSTO, 2011.- La tarde de este martes perdi\u00f3 la vida en un acto desafortunado de violencia el<a href=\"https:\/\/hogaresnoticia.com.mx\/?p=995\">&nbsp;&nbsp;[ Leer m\u00e1s ]<\/a><\/p>\n","protected":false},"author":1,"featured_media":996,"comment_status":"open","ping_status":"open","sticky":false,"template":"","format":"standard","meta":{"footnotes":""},"categories":[7],"tags":[],"class_list":["post-995","post","type-post","status-publish","format-standard","has-post-thumbnail","hentry","category-espacios"],"_links":{"self":[{"href":"https:\/\/hogaresnoticia.com.mx\/index.php?rest_route=\/wp\/v2\/posts\/995","targetHints":{"allow":["GET"]}}],"collection":[{"href":"https:\/\/hogaresnoticia.com.mx\/index.php?rest_route=\/wp\/v2\/posts"}],"about":[{"href":"https:\/\/hogaresnoticia.com.mx\/index.php?rest_route=\/wp\/v2\/types\/post"}],"author":[{"embeddable":true,"href":"https:\/\/hogaresnoticia.com.mx\/index.php?rest_route=\/wp\/v2\/users\/1"}],"replies":[{"embeddable":true,"href":"https:\/\/hogaresnoticia.com.mx\/index.php?rest_route=%2Fwp%2Fv2%2Fcomments&post=995"}],"version-history":[{"count":0,"href":"https:\/\/hogaresnoticia.com.mx\/index.php?rest_route=\/wp\/v2\/posts\/995\/revisions"}],"wp:featuredmedia":[{"embeddable":true,"href":"https:\/\/hogaresnoticia.com.mx\/index.php?rest_route=\/wp\/v2\/media\/996"}],"wp:attachment":[{"href":"https:\/\/hogaresnoticia.com.mx\/index.php?rest_route=%2Fwp%2Fv2%2Fmedia&parent=995"}],"wp:term":[{"taxonomy":"category","embeddable":true,"href":"https:\/\/hogaresnoticia.com.mx\/index.php?rest_route=%2Fwp%2Fv2%2Fcategories&post=995"},{"taxonomy":"post_tag","embeddable":true,"href":"https:\/\/hogaresnoticia.com.mx\/index.php?rest_route=%2Fwp%2Fv2%2Ftags&post=995"}],"curies":[{"name":"wp","href":"https:\/\/api.w.org\/{rel}","templated":true}]}}